{"id":21976,"date":"2014-07-06T07:35:39","date_gmt":"2014-07-06T12:35:39","guid":{"rendered":"http:\/\/contraluzcucuta.co\/?p=21976"},"modified":"2014-07-08T20:01:57","modified_gmt":"2014-07-09T01:01:57","slug":"costo-de-vida-cucuta-retoma-liderato-en-precios-bajos","status":"publish","type":"post","link":"https:\/\/contraluzcucuta.co\/?p=21976","title":{"rendered":"COSTO DE VIDA. C\u00facuta retoma liderato en precios bajos"},"content":{"rendered":"<p><b style=\"line-height: 1.5em;\">C\u00daCUTA.-<\/b><span style=\"line-height: 1.5em;\"> El \u00c1rea Metropolitana de C\u00facuta, retom\u00f3 el liderado positivo del menor costo de vida, en junio, con -0,32 por ciento, mientras que en el pa\u00eds fue de 0.09 por ciento. Y ocup\u00f3 el segundo lugar en el acumulado del primer semestre con 1,54 por ciento, contra el 2,57 por ciento nacional.<\/span><\/p>\n<p>Los <a href=\"https:\/\/www.dane.gov.co\/files\/investigaciones\/boletines\/ipc\/cp_ipc_jun14.pdf\">indicadores reportados por el Dane<\/a> reflejan que durante el sexto mes del 2014, la capital de Norte de Santander tuvo los menores costos en el \u00cdndice de Precios al Consumidor (IPC):<\/p>\n<p>1.- \u00a0Educaci\u00f3n -0,02 % (nacional 0,21 %)<\/p>\n<p>2.- Transporte -0,40 % (nacional 0,11 %)<\/p>\n<p>3.- Alimentos -1,01 % (nacional -0,25 %)<\/p>\n<p>5.- Vivienda con 0,10 % (nacional 0,41 %).<\/p>\n<p>Respecto al acumulado semestral, qued\u00f3 en segundo lugar con 1,54 % (nacional 2,57 %). Los menores incrementos se registraron en:<\/p>\n<p>1.- Vivienda: 0,68 % (nacional 2,35 %)<\/p>\n<p>2.- Vestuario: -0,53 % (nacional 0,90 %)<\/p>\n<p>3.- Trasporte con 0,78 % (nacional 2,08 %).<\/p>\n<p>El \u00c1rea Metropolitana de C\u00facuta retoma los primeros puestos en menor costo de vida, como los registr\u00f3 a finales del 2013 y comienzos del 2014.<\/p>\n<p>En el pa\u00eds, las cifras correspondientes a la demanda a precios constantes para el primer trimestre de 2014 evidenciaron que el consumo final registr\u00f3 una variaci\u00f3n de 5,6 % respecto al mismo periodo del a\u00f1o anterior. Esta variaci\u00f3n se explica por el crecimiento del consumo final del Gobierno en 7,5 % y del consumo final de los hogares en 5,1 %.<\/p>\n<p>Cinco grupos de bienes y servicios presentaron variaciones superiores al IPC en junio:<\/p>\n<p>1.- Vivienda: 0,41 %<\/p>\n<p>2.- Diversi\u00f3n: 0,21 %<\/p>\n<p>3.- Otros gastos: 0,18 %<\/p>\n<p>4.- Trasporte: 0,11 %<\/p>\n<p>5.- Salud: 0,10 %.<\/p>\n<p>En vivienda, los subgrupos con mayores variaciones en los precios correspondieron a gas y servicios p\u00fablicos (0,96 %); art\u00edculos para limpieza (0,29%) y gasto de ocupaci\u00f3n (0,27%).<\/p>\n<p>En diversi\u00f3n, el subgrupo con mayor variaci\u00f3n fue servicios de diversi\u00f3n (0,48%).<\/p>\n<p>En otros gastos, los subgrupos con mayores variaciones en los precios correspondieron a art\u00edculos para el aseo y cuidado personal (0,23%); bebidas alcoh\u00f3licas (0,14%) y otros bienes y servicios (0,01%).<\/p>\n<p>En transporte, los subgrupos con mayores variaciones en los precios correspondieron a transporte p\u00fablico (0,17%) y transporte personal (0,04%).<\/p>\n<p>En salud, los subgrupos con mayores variaciones en los precios correspondieron a servicios de salud (0,10%); bienes y art\u00edculos (0,10%) y gastos de aseguramiento privado y otros gastos (0,10%).<\/p>\n<p>Cuatro grupos presentaron variaci\u00f3n inferior al IPC de junio 2014:<\/p>\n<p>1.- Alimentos (-0,25%)<\/p>\n<p>2.- Comunicaciones (-0,08%)<\/p>\n<p>3.- Educaci\u00f3n (0,00%)<\/p>\n<p>4.- Vestuario (0,09%)<\/p>\n<p>En alimentos, los subgrupos con menores variaciones en los precios correspondieron a frutas (-5,33%); tub\u00e9rculos y pl\u00e1tanos (-4,63%) y hortalizas y legumbres (-1,60%).<\/p>\n<p>En comunicaciones, el subgrupo de su mismo nombre present\u00f3 una variaci\u00f3n de -0,08%.<\/p>\n<p>En vestuario, los subgrupos con menores variaciones en los precios correspondieron a vestuario (0,07%); calzado (0,12%) y servicios de vestuario<\/p>\n<p>(0,28%).<\/p>\n<p><b>RAFAEL CAMPEROS H<\/b><\/p>\n<p><a href=\"http:\/\/ligadeconsumidorescucuta.org\/\">http:\/\/ligadeconsumidorescucuta.org\/<\/a><\/p>\n<p>&nbsp; <\/p>\n","protected":false},"excerpt":{"rendered":"<p>C\u00daCUTA.- El \u00c1rea Metropolitana de C\u00facuta, retom\u00f3 el liderado positivo del menor costo de vida, en junio, con -0,32 por ciento, mientras que en el pa\u00eds fue de 0.09 por ciento. Y ocup\u00f3 el segundo lugar en el acumulado del primer semestre con 1,54 por ciento, contra el 2,57 por ciento nacional. Los indicadores reportados &hellip;<\/p>\n","protected":false},"author":1,"featured_media":21978,"comment_status":"open","ping_status":"open","sticky":false,"template":"","format":"standard","meta":{"footnotes":""},"categories":[541,6],"tags":[1496,1494,1495,1497],"class_list":["post-21976","post","type-post","status-publish","format-standard","has-post-thumbnail","hentry","category-ciudad","category-ojo-avizor","tag-canasta-familiar","tag-dane","tag-indice-de-precios-al-consumidor","tag-ipc"],"_links":{"self":[{"href":"https:\/\/contraluzcucuta.co\/index.php?rest_route=\/wp\/v2\/posts\/21976","targetHints":{"allow":["GET"]}}],"collection":[{"href":"https:\/\/contraluzcucuta.co\/index.php?rest_route=\/wp\/v2\/posts"}],"about":[{"href":"https:\/\/contraluzcucuta.co\/index.php?rest_route=\/wp\/v2\/types\/post"}],"author":[{"embeddable":true,"href":"https:\/\/contraluzcucuta.co\/index.php?rest_route=\/wp\/v2\/users\/1"}],"replies":[{"embeddable":true,"href":"https:\/\/contraluzcucuta.co\/index.php?rest_route=%2Fwp%2Fv2%2Fcomments&post=21976"}],"version-history":[{"count":1,"href":"https:\/\/contraluzcucuta.co\/index.php?rest_route=\/wp\/v2\/posts\/21976\/revisions"}],"predecessor-version":[{"id":21979,"href":"https:\/\/contraluzcucuta.co\/index.php?rest_route=\/wp\/v2\/posts\/21976\/revisions\/21979"}],"wp:featuredmedia":[{"embeddable":true,"href":"https:\/\/contraluzcucuta.co\/index.php?rest_route=\/wp\/v2\/media\/21978"}],"wp:attachment":[{"href":"https:\/\/contraluzcucuta.co\/index.php?rest_route=%2Fwp%2Fv2%2Fmedia&parent=21976"}],"wp:term":[{"taxonomy":"category","embeddable":true,"href":"https:\/\/contraluzcucuta.co\/index.php?rest_route=%2Fwp%2Fv2%2Fcategories&post=21976"},{"taxonomy":"post_tag","embeddable":true,"href":"https:\/\/contraluzcucuta.co\/index.php?rest_route=%2Fwp%2Fv2%2Ftags&post=21976"}],"curies":[{"name":"wp","href":"https:\/\/api.w.org\/{rel}","templated":true}]}}