{"id":21955,"date":"2014-07-01T22:20:52","date_gmt":"2014-07-02T03:20:52","guid":{"rendered":"http:\/\/contraluzcucuta.co\/?p=21955"},"modified":"2014-07-01T22:20:52","modified_gmt":"2014-07-02T03:20:52","slug":"futbol-de-segunda-regresa-la-accion-al-general-santander","status":"publish","type":"post","link":"https:\/\/contraluzcucuta.co\/?p=21955","title":{"rendered":"F\u00daTBOL DE SEGUNDA. Regresa la acci\u00f3n al General Santander"},"content":{"rendered":"<p><b style=\"line-height: 1.5em;\">C\u00daCUTA.-<\/b><span style=\"line-height: 1.5em;\"> Las puertas del estadio General Santander se abrir\u00e1n, a las 5:30 de la tarde, para permitir el ingreso de los aficionados motilones que apoyar\u00e1n al C\u00facuta Deportivo en el estreno en el segundo torneo de la B, del 2014. El partido contra Chic\u00f3 F\u00fatbol Club comenzar\u00e1 a las 7:30 de la noche.<\/span><\/p>\n<p>El once cucute\u00f1o tendr\u00e1 tres novedades\u00a0 respecto\u00a0 a la n\u00f3mina\u00a0 que disput\u00f3 el primer campeonato del a\u00f1o. El defensa cucute\u00f1o Darwin Carrero Ortega, el mediocampista Stiven Pretel Castillo y\u00a0 el atacante\u00a0 Jos\u00e9 David LLoreda fueron inscritos con el equipo. Los tres est\u00e1n convocados para el juego de hoy.<\/p>\n<p>El portero nortesantandereano Sergio Andr\u00e9s Avellaneda regresa a las toldas rojinegras.<\/p>\n<p>Para el partido se habilitar\u00e1n solo las tribunas\u00a0 Sur y Occidental, y\u00a0 la boleter\u00eda tendr\u00e1 un valor de $ 3000 y $ 5000. La comisi\u00f3n local de seguridad, comodidad y convivencia del f\u00fatbol inform\u00f3 que a Sur se permitir\u00e1 el ingreso de aficionados a partir de los 16 a\u00f1os, y en Occidental desde los 7.<\/p>\n<p>N\u00f3mina<\/p>\n<p>El profesor Jos\u00e9 Alberto Su\u00e1rez convoc\u00f3 la siguiente n\u00f3mina:<\/p>\n<p>Wilder Mosquera; Miguel Vargas Casta\u00f1o, Darwin Carrero Ortega, Jhon Edison\u00a0 Garc\u00eda Zabala, Pablo\u00a0 Andr\u00e9s Escobar Valencia, Luis\u00a0 Miguel Vergara, David G\u00f3mez Rojas; Diego Armando Espinel Malpica, Mauricio Mar\u00edn Giraldo, Edwin Del Castillo, Baldomero Perlaza Perlaza, Jos\u00e9 David Lloreda, Jonathan Palacios Lucas; Jhon Ulloque P\u00e9rez, Stiven Pretel Castillo y Miguel P\u00e9rez.<\/p>\n<p><b>Sergio Avellaneda<\/b><\/p>\n<p>Fecha de nacimiento:\u00a0\u00a0 26 de Febrero de 1990 en Durania (Norte de Santander)<\/p>\n<p>Posici\u00f3n: Arquero<\/p>\n<p>Trayectoria: Deportivo Independiente Medell\u00edn y\u00a0 C\u00facuta Deportivo<\/p>\n<p><b>Darwin Carrero<\/b><\/p>\n<p>Fecha de nacimiento:\u00a0\u00a0 4 de Noviembre de 1993 en C\u00facuta<\/p>\n<p>Edad: 20 a\u00f1os<\/p>\n<p>Posici\u00f3n: Defensa<\/p>\n<p>Trayectoria: C\u00facuta Deportivo<\/p>\n<p><b>Jos\u00e9 Lloreda<\/b><\/p>\n<p>Fecha de nacimiento:\u00a0\u00a0 Agosto 12 de 1994 en Pereira<\/p>\n<p>Edad: 19 a\u00f1os<\/p>\n<p>Posici\u00f3n: Delantero<\/p>\n<p>Trayectoria: Deportivo Cali<\/p>\n<p><b>Stiven Pretel<\/b><\/p>\n<p>Fecha de nacimiento:\u00a0\u00a0 Octubre 7 de 1994 en Buenaventura (Valle)<\/p>\n<p>Edad: 19 a\u00f1os<\/p>\n<p>Posici\u00f3n: mediocampista<\/p>\n<p>Trayectoria: Atl\u00e9tico Huila<\/p>\n<p>&nbsp; <\/p>\n","protected":false},"excerpt":{"rendered":"<p>C\u00daCUTA.- Las puertas del estadio General Santander se abrir\u00e1n, a las 5:30 de la tarde, para permitir el ingreso de los aficionados motilones que apoyar\u00e1n al C\u00facuta Deportivo en el estreno en el segundo torneo de la B, del 2014. El partido contra Chic\u00f3 F\u00fatbol Club comenzar\u00e1 a las 7:30 de la noche. El once &hellip;<\/p>\n","protected":false},"author":1,"featured_media":21956,"comment_status":"open","ping_status":"open","sticky":false,"template":"","format":"standard","meta":{"footnotes":""},"categories":[4],"tags":[192,1166],"class_list":["post-21955","post","type-post","status-publish","format-standard","has-post-thumbnail","hentry","category-barra","tag-cucuta-deportivo","tag-estadio-general-santander"],"_links":{"self":[{"href":"https:\/\/contraluzcucuta.co\/index.php?rest_route=\/wp\/v2\/posts\/21955","targetHints":{"allow":["GET"]}}],"collection":[{"href":"https:\/\/contraluzcucuta.co\/index.php?rest_route=\/wp\/v2\/posts"}],"about":[{"href":"https:\/\/contraluzcucuta.co\/index.php?rest_route=\/wp\/v2\/types\/post"}],"author":[{"embeddable":true,"href":"https:\/\/contraluzcucuta.co\/index.php?rest_route=\/wp\/v2\/users\/1"}],"replies":[{"embeddable":true,"href":"https:\/\/contraluzcucuta.co\/index.php?rest_route=%2Fwp%2Fv2%2Fcomments&post=21955"}],"version-history":[{"count":1,"href":"https:\/\/contraluzcucuta.co\/index.php?rest_route=\/wp\/v2\/posts\/21955\/revisions"}],"predecessor-version":[{"id":21957,"href":"https:\/\/contraluzcucuta.co\/index.php?rest_route=\/wp\/v2\/posts\/21955\/revisions\/21957"}],"wp:featuredmedia":[{"embeddable":true,"href":"https:\/\/contraluzcucuta.co\/index.php?rest_route=\/wp\/v2\/media\/21956"}],"wp:attachment":[{"href":"https:\/\/contraluzcucuta.co\/index.php?rest_route=%2Fwp%2Fv2%2Fmedia&parent=21955"}],"wp:term":[{"taxonomy":"category","embeddable":true,"href":"https:\/\/contraluzcucuta.co\/index.php?rest_route=%2Fwp%2Fv2%2Fcategories&post=21955"},{"taxonomy":"post_tag","embeddable":true,"href":"https:\/\/contraluzcucuta.co\/index.php?rest_route=%2Fwp%2Fv2%2Ftags&post=21955"}],"curies":[{"name":"wp","href":"https:\/\/api.w.org\/{rel}","templated":true}]}}