{"id":21946,"date":"2014-07-01T21:15:19","date_gmt":"2014-07-02T02:15:19","guid":{"rendered":"http:\/\/contraluzcucuta.co\/?p=21946"},"modified":"2014-07-02T23:02:32","modified_gmt":"2014-07-03T04:02:32","slug":"crisis-en-venezuela-366-violaciones-a-la-libertad-de-expresion","status":"publish","type":"post","link":"https:\/\/contraluzcucuta.co\/?p=21946","title":{"rendered":"CRISIS EN VENEZUELA. 366 violaciones a la libertad de expresi\u00f3n"},"content":{"rendered":"<p><b style=\"line-height: 1.5em;\">CARACAS.-<\/b><span style=\"line-height: 1.5em;\"> Entre el primero de enero y el 15 de junio de 2014, Espacio P\u00fablico registr\u00f3 366 violaciones del derecho a la libertad de expresi\u00f3n e informaci\u00f3n, cifra que supera en \u00a027 por ciento el total de violaciones a este derecho registradas durante el 2013 (287).<\/span><\/p>\n<p>Esta es una de las razones por las que el 27 de junio, D\u00eda del Periodista en Venezuela, los profesionales de la informaci\u00f3n recuerdan los riesgos y reclaman garant\u00edas para el oficio de informar.<\/p>\n<p>Desde octubre de 2013, al menos 11 peri\u00f3dicos dejaron de editarse, temporal o definitivamente, porque el Estado no les vende las divisas necesarias para la compra del papel prensa, insumo fundamental que no se produce en Venezuela y debe importarse con divisas controladas.<\/p>\n<p>Balance de las protestas registradas entre febrero y marzo:<\/p>\n<p>1.- Se registraron 143 casos de violaciones a la libertad de expresi\u00f3n<\/p>\n<p>2.- En s\u00f3lo dos meses se alcanz\u00f3 el 65 por ciento de los casos documentados durante todo el 2013<\/p>\n<p>3.- Hasta el 15 de junio, 307 trabajadores de los medios e infociudadanos sufrieron restricciones al derecho a la libertad de expresi\u00f3n, hecho que afecta tambi\u00e9n la posibilidad de la sociedad a conocer informaci\u00f3n de inter\u00e9s p\u00fablico.<\/p>\n<p>El n\u00famero de violaciones del derecho a la libertad de expresi\u00f3n e informaci\u00f3n incluye:<\/p>\n<p>1.- Agresiones f\u00edsicas a periodistas: 78<\/p>\n<p>2.- Agresiones a equipos y medios de comunicaci\u00f3n: 28<\/p>\n<p>3.- Amenazas: 68<\/p>\n<p>4.- Acceso restringido a fuentes informativas: 65<\/p>\n<p>5.- Censura: 45<\/p>\n<p>6.- Descalificaciones de funcionarios hacia trabajadores de los medios. 43<\/p>\n<p>7.- Procedimientos judiciales: 21<\/p>\n<p>8.- Restricciones administrativas: 17<\/p>\n<p>9.- Fallecidos en ejercicio del derecho: 1<\/p>\n<p>Foto:\u00a0<a href=\"https:\/\/www.google.com.co\/url?sa=i&amp;rct=j&amp;q=&amp;esrc=s&amp;source=images&amp;cd=&amp;cad=rja&amp;uact=8&amp;docid=8sRRxDUA4dN20M&amp;tbnid=NsnYLpK78NKNjM:&amp;ved=0CAQQjB0&amp;url=http%3A%2F%2Fwww.correiobraziliense.com.br%2Fapp%2Fnoticia%2Fmundo%2F2014%2F05%2F12%2Finterna_mundo%2C427190%2Fimprensa-da-venezuela-entra-em-crise-por-falta-de-papel-e-fecha-jornais.shtml&amp;ei=k2qzU_PuEeTesAT_1oCwCw&amp;bvm=bv.70138588,d.cWc&amp;psig=AFQjCNHzt1k_tDfRry75YdBc6LrCwFKPfg&amp;ust=1404353539202207\" data-ved=\"0CAQQjB0\" data-href=\"http:\/\/www.correiobraziliense.com.br\/app\/noticia\/mundo\/2014\/05\/12\/interna_mundo,427190\/imprensa-da-venezuela-entra-em-crise-por-falta-de-papel-e-fecha-jornais.shtml\">www.correiobraziliense.com.br<\/a><\/p>\n<p><b>Fuente: Espacio P\u00fablico.<\/b><\/p>\n<p><b>V\u00eda: Prensa CNP Caracas.<\/b> <\/p>\n","protected":false},"excerpt":{"rendered":"<p>CARACAS.- Entre el primero de enero y el 15 de junio de 2014, Espacio P\u00fablico registr\u00f3 366 violaciones del derecho a la libertad de expresi\u00f3n e informaci\u00f3n, cifra que supera en \u00a027 por ciento el total de violaciones a este derecho registradas durante el 2013 (287). Esta es una de las razones por las que &hellip;<\/p>\n","protected":false},"author":1,"featured_media":21947,"comment_status":"open","ping_status":"open","sticky":false,"template":"","format":"standard","meta":{"footnotes":""},"categories":[1326,6],"tags":[1164],"class_list":["post-21946","post","type-post","status-publish","format-standard","has-post-thumbnail","hentry","category-crisis-en-venezuela-2","category-ojo-avizor","tag-crisis-en-venezuela"],"_links":{"self":[{"href":"https:\/\/contraluzcucuta.co\/index.php?rest_route=\/wp\/v2\/posts\/21946","targetHints":{"allow":["GET"]}}],"collection":[{"href":"https:\/\/contraluzcucuta.co\/index.php?rest_route=\/wp\/v2\/posts"}],"about":[{"href":"https:\/\/contraluzcucuta.co\/index.php?rest_route=\/wp\/v2\/types\/post"}],"author":[{"embeddable":true,"href":"https:\/\/contraluzcucuta.co\/index.php?rest_route=\/wp\/v2\/users\/1"}],"replies":[{"embeddable":true,"href":"https:\/\/contraluzcucuta.co\/index.php?rest_route=%2Fwp%2Fv2%2Fcomments&post=21946"}],"version-history":[{"count":1,"href":"https:\/\/contraluzcucuta.co\/index.php?rest_route=\/wp\/v2\/posts\/21946\/revisions"}],"predecessor-version":[{"id":21948,"href":"https:\/\/contraluzcucuta.co\/index.php?rest_route=\/wp\/v2\/posts\/21946\/revisions\/21948"}],"wp:featuredmedia":[{"embeddable":true,"href":"https:\/\/contraluzcucuta.co\/index.php?rest_route=\/wp\/v2\/media\/21947"}],"wp:attachment":[{"href":"https:\/\/contraluzcucuta.co\/index.php?rest_route=%2Fwp%2Fv2%2Fmedia&parent=21946"}],"wp:term":[{"taxonomy":"category","embeddable":true,"href":"https:\/\/contraluzcucuta.co\/index.php?rest_route=%2Fwp%2Fv2%2Fcategories&post=21946"},{"taxonomy":"post_tag","embeddable":true,"href":"https:\/\/contraluzcucuta.co\/index.php?rest_route=%2Fwp%2Fv2%2Ftags&post=21946"}],"curies":[{"name":"wp","href":"https:\/\/api.w.org\/{rel}","templated":true}]}}