{"id":21930,"date":"2014-06-29T22:38:40","date_gmt":"2014-06-30T03:38:40","guid":{"rendered":"http:\/\/contraluzcucuta.co\/?p=21930"},"modified":"2014-07-01T22:27:45","modified_gmt":"2014-07-02T03:27:45","slug":"wilfredo-grajales-todos-hacemos-politica","status":"publish","type":"post","link":"https:\/\/contraluzcucuta.co\/?p=21930","title":{"rendered":"WILFREDO GRAJALES. Todos hacemos pol\u00edtica"},"content":{"rendered":"<p><span style=\"line-height: 1.5em;\">Las redes sociales no son ajenas a ninguna realidad. Permiten reencuentros, ampliar contactos y conocer, si lo permiten, personajes que orgullecen a la ciudad. Es el caso de Wilfredo Grajales Rosas, sacerdote al servicio de la humanidad.<\/span><\/p>\n<p>Naci\u00f3 el 7 de agosto de 1963, en Cali (Valle del Cauca). Luego de vivir en Bogot\u00e1 y Sogamoso, la familia lleg\u00f3 a C\u00facuta, en 1971. Termin\u00f3 primaria en la escuela N\u00ba 20 de Atalaya y bachillerato en el T\u00e9cnico Salesiano. En 1981, ingres\u00f3 a la comunidad Salesiana como candidato al sacerdocio.<\/p>\n<p>La opci\u00f3n surgi\u00f3 para concretar la experiencia de fe como cristiano cat\u00f3lico que vivi\u00f3 en servicio a la comunidad que hac\u00edan los salesianos en Los Almendros, la C\u00e1rcel de Menores, La Sabana, Do\u00f1a Nidia y Ni\u00f1a Ceci. En la adolescencia admir\u00f3 ese trabajo y crey\u00f3 que deb\u00eda dejar de ver desde la barrera y asumir el reto de remplazar a quienes lo preced\u00edan. Sinti\u00f3 el llamado a ser salesiano, a ser como Don Bosco, que no dej\u00f3 el credo en el marco de las sacrist\u00edas, sino que lo hizo un compromiso de servicio humanista para con los necesitados y la juventud.<\/p>\n<p>Curs\u00f3 los a\u00f1os de prenoviciado, noviciado y posnoviciado entre Mosquera (Cundinamarca), Rionegro (Antioquia) y Bogot\u00e1. Estudi\u00f3 en la Universidad Santo Tom\u00e1s y obtuvo la Licenciatura en Educaci\u00f3n, Filosof\u00eda y Letras. De los tres a\u00f1os de pr\u00e1ctica salesiana uno lo cumpli\u00f3 en Mosquera, con los j\u00f3venes que ingresan a la comunidad, y dos en Fusagasug\u00e1, en la escuela agropecuaria, como profesor de varias materias.<\/p>\n<p>En doce meses evit\u00f3 que se les enredara el a\u00f1o a los estudiantes, porque faltaban seis profesores. Eran 48 horas de clase, algunas eran al tiempo. Un ejercicio con el que aprendi\u00f3 mucho, aunque \u00a0a costa de sue\u00f1o, desgaste f\u00edsico y tensiones.<\/p>\n<p>Dirigi\u00f3 a los internos, fue m\u00fasico y director de teatro. El contacto con lo agropecuario, a pesar de la formaci\u00f3n industrial, result\u00f3 una riqueza que agradecer\u00e1 toda la vida.<\/p>\n<p>Estudi\u00f3 los cinco a\u00f1os de teolog\u00eda en la Universidad Javeriana, hasta alcanzar la maestr\u00eda. Mientras tanto, desarroll\u00f3 trabajo pastoral en los cerros de Usaqu\u00e9n, sector donde conoci\u00f3 la pobreza econ\u00f3mica que vive la gente \u00a0y la fortuna humana. Se orden\u00f3 y empez\u00f3 a ejercer como sacerdote. \u201cEsas lomas tienen los recuerdos de mis experiencias de novel sacerdote que experimenta lo que es ser pastor en situaciones sociales tan dram\u00e1ticas\u201d.<\/p>\n<p>Al ejercicio de evangelizaci\u00f3n incluy\u00f3 pavimentaci\u00f3n de v\u00edas, construcci\u00f3n del parque, organizaci\u00f3n del comedor infantil, trabajo con pandillas juveniles, atenci\u00f3n a ancianos y enfermos, y apoyo a asociaciones comunales. Esa labor la define como apasionante. Los superiores lo sacaron a finales de 1995, para encargarle la animaci\u00f3n del sector educativo de la Provincia y la coordinaci\u00f3n de la Pastoral Juvenil.<\/p>\n<p>En m\u00e1s de 6 a\u00f1os de trabajo afront\u00f3 los desaf\u00edos generados por el nuevo marco constitucional y la ley de educaci\u00f3n nacional. La pasi\u00f3n de educador tuvo en esos a\u00f1os un escenario amplio y especial. Con j\u00f3venes y educadores del pa\u00eds anim\u00f3, coordin\u00f3, fund\u00f3 y dirigi\u00f3 actividades y obras. Recordarlas lo llevan a sentir con intensidad la emoci\u00f3n de lo vivido.<\/p>\n<p>Los dos \u00faltimos a\u00f1os los vivi\u00f3 en el Centro Don Bosco, como director administrativo, y la Parroquia del Ni\u00f1o Jes\u00fas, en el 20 de Julio, donde abri\u00f3 y dirigi\u00f3 el Centro de Formaci\u00f3n para el Trabajo, obra que permanece. Fueron a\u00f1os de intenso trabajo y formaci\u00f3n.<\/p>\n<p>La Universidad de Pamplona acompa\u00f1\u00f3 en la \u00faltima fase de un proyecto de formaci\u00f3n de educadores, financiado por la Uni\u00f3n Europea, y terminaron 300 educadores la especializaci\u00f3n en pedagog\u00eda, que considera tan importante como simb\u00f3lica de lo que se puede innovar con los maestros y del trabajo de articulaci\u00f3n interinstitucional.<\/p>\n<p>En ese tiempo, el trabajo educativo y social fue articulado con la participaci\u00f3n seria y decidida que termin\u00f3 llam\u00e1ndose Visionarios por Colombia, cuya cabeza visible era y es Antanas Mockus.<\/p>\n<p>La participaci\u00f3n en escenarios pol\u00edticos viene de la experiencia educativo \u2013 social, en la que muchos fundaron esperanzas ciertas de un mejor pa\u00eds, construida desde un buen ejercicio de lo p\u00fablico.<\/p>\n<p>En el 2001, la comunidad lo envi\u00f3 a estudiar sociolog\u00eda a Roma. Despu\u00e9s de unos meses en Canad\u00e1 lleg\u00f3 a la Universidad Gregoriana. Curs\u00f3 el nivel profesional y especializaci\u00f3n hasta obtener el doctorado en Ciencias Sociales. \u201cEuropa es oportunidad de ver nuevas realidades en las viejas estructuras de un continente que nos define en mucho de lo que somos. No creo haber frecuentado solo aulas acad\u00e9micas y libros. Siento haber vivido y profundizado en la rica tradici\u00f3n de unas naciones que buscan reinventarse unific\u00e1ndose a pesar de sus profundas e hist\u00f3ricas divisiones\u201d.<\/p>\n<p>En el 2007, regres\u00f3 a la que el tiempo y los afectos convirtieron en su casa, su tierra, C\u00facuta, donde viven sus padres, hermanos, sobrinos y amigos. Como director y rector del Salesiano, durante m\u00e1s de seis a\u00f1os, sinti\u00f3 dar algo a Norte de Santander, a la ciudad, a la educaci\u00f3n, al colegio, a la Iglesia, devolver lo mejor de tanto que, sin m\u00e9rito especial, ha recibido en la vida. Siempre lo han considerado cucute\u00f1o y nunca lo ha negado, es orgulloso de serlo. Lo es porque as\u00ed lo ha asumido desde afectos y convicciones. Trabajar en C\u00facuta, con y para los cucute\u00f1os lo hace feliz, lo que cree que es el deber de todos en la vida y es lo que hace que las labores no pesen, no cansen.<\/p>\n<p>\u201cTodos hacemos pol\u00edtica. Hasta los que dicen no hacerlo, hacen de su omisi\u00f3n la peor forma de hacer pol\u00edtica, la m\u00e1s irresponsable. El Papa (Francisco) ha tenido la claridad de invitar a los creyentes a no dejar que la fe sea confinada a las sacrist\u00edas, a tener el valor y la audacia de anunciar la buena nueva de Jesucristo conectada de manera expl\u00edcita con lo social y denunciar lo que no contribuye a la promoci\u00f3n de la humanidad entendida en el marco amplio de la creaci\u00f3n\u201d.<\/p>\n<p>Como sacerdote y como soci\u00f3logo nunca ha rehuido de esa responsabilidad y derecho. Lo siente como algo ineludible de la vocaci\u00f3n de servicio y de ser buen ciudadano.<\/p>\n<p>En el tema de partidos tambi\u00e9n ha participado, ha ayudado y ha acompa\u00f1ado las buenas iniciativas, desde militancias partidistas concretas, considera deseoso de hacer algo bueno en lo p\u00fablico. No a un partido, sino a todos los partidos, a todos los seres. Eso no quiere decir que no tenga simpat\u00edas especiales por un partido, las tiene. Las ha dicho con claridad y hasta, no por gusto sino como irremediable acto de servicio, se ha ubicado en la riesgosa avenida donde caminan las dirigencias, escenarios donde las malas pasiones de la d\u00e9bil formaci\u00f3n democr\u00e1tica hacen su peor aparici\u00f3n.<\/p>\n<p>\u201cLa pol\u00edtica de la ciudad es de una calidad d\u00e9bil y el servicio como motor de la participaci\u00f3n se sustituye con facilidad por intereses individualistas y ambiciosos donde se confunde el peor concepto de empleo con la alt\u00edsima dignidad de servir a la polis\u201d.<\/p>\n<p>Ahora est\u00e1 como profesor de planta de la Universidad Salesiana, de Roma, en la Facultad de Ciencias de la Educaci\u00f3n. Miembro del equipo del Instituto de Sociolog\u00eda y desempe\u00f1a funciones de c\u00e1tedra e investigaci\u00f3n. En este pa\u00eds estudi\u00f3, por eso quienes lo conoc\u00edan consideraron justo pedirle ir a prestar este servicio. Es una oportunidad enorme de formaci\u00f3n y de experiencia que agradece a Dios, la vida y su comunidad.<\/p>\n<p>\u201cAc\u00e1 todos saben que deseo regresar lo m\u00e1s pronto a Colombia y desde mis afectos, sue\u00f1o con volver a C\u00facuta para en ella cumplir mi mayor acto pol\u00edtico: \u00a1Servir!\u201d.<\/p>\n<p><b>CRISTHIAN MORALES<\/b><\/p>\n<p><b>Estudiante de Comunicaci\u00f3n Social<\/b><\/p>\n<p><b>Universidad de Pamplona<\/b><\/p>\n<p><b>Campus de Villa del Rosario<\/b><\/p>\n<p><b>\u00a0<\/b> <\/p>\n","protected":false},"excerpt":{"rendered":"<p>Las redes sociales no son ajenas a ninguna realidad. Permiten reencuentros, ampliar contactos y conocer, si lo permiten, personajes que orgullecen a la ciudad. Es el caso de Wilfredo Grajales Rosas, sacerdote al servicio de la humanidad. Naci\u00f3 el 7 de agosto de 1963, en Cali (Valle del Cauca). Luego de vivir en Bogot\u00e1 y &hellip;<\/p>\n","protected":false},"author":1,"featured_media":21931,"comment_status":"open","ping_status":"open","sticky":false,"template":"","format":"standard","meta":{"footnotes":""},"categories":[74,36,9],"tags":[1485,1484],"class_list":["post-21930","post","type-post","status-publish","format-standard","has-post-thumbnail","hentry","category-aula-universitaria","category-la-voz-del-pueblo","category-politica","tag-alcaldables-para-cucuta","tag-wilfredo-grajales"],"_links":{"self":[{"href":"https:\/\/contraluzcucuta.co\/index.php?rest_route=\/wp\/v2\/posts\/21930","targetHints":{"allow":["GET"]}}],"collection":[{"href":"https:\/\/contraluzcucuta.co\/index.php?rest_route=\/wp\/v2\/posts"}],"about":[{"href":"https:\/\/contraluzcucuta.co\/index.php?rest_route=\/wp\/v2\/types\/post"}],"author":[{"embeddable":true,"href":"https:\/\/contraluzcucuta.co\/index.php?rest_route=\/wp\/v2\/users\/1"}],"replies":[{"embeddable":true,"href":"https:\/\/contraluzcucuta.co\/index.php?rest_route=%2Fwp%2Fv2%2Fcomments&post=21930"}],"version-history":[{"count":1,"href":"https:\/\/contraluzcucuta.co\/index.php?rest_route=\/wp\/v2\/posts\/21930\/revisions"}],"predecessor-version":[{"id":21932,"href":"https:\/\/contraluzcucuta.co\/index.php?rest_route=\/wp\/v2\/posts\/21930\/revisions\/21932"}],"wp:featuredmedia":[{"embeddable":true,"href":"https:\/\/contraluzcucuta.co\/index.php?rest_route=\/wp\/v2\/media\/21931"}],"wp:attachment":[{"href":"https:\/\/contraluzcucuta.co\/index.php?rest_route=%2Fwp%2Fv2%2Fmedia&parent=21930"}],"wp:term":[{"taxonomy":"category","embeddable":true,"href":"https:\/\/contraluzcucuta.co\/index.php?rest_route=%2Fwp%2Fv2%2Fcategories&post=21930"},{"taxonomy":"post_tag","embeddable":true,"href":"https:\/\/contraluzcucuta.co\/index.php?rest_route=%2Fwp%2Fv2%2Ftags&post=21930"}],"curies":[{"name":"wp","href":"https:\/\/api.w.org\/{rel}","templated":true}]}}