{"id":21926,"date":"2014-06-29T22:28:06","date_gmt":"2014-06-30T03:28:06","guid":{"rendered":"http:\/\/contraluzcucuta.co\/?p=21926"},"modified":"2014-07-01T22:29:02","modified_gmt":"2014-07-02T03:29:02","slug":"alirio-parra-la-vitamina-del-cucuta-deportivo","status":"publish","type":"post","link":"https:\/\/contraluzcucuta.co\/?p=21926","title":{"rendered":"ALIRIO PARRA. La \u2018Vitamina\u2019 del C\u00facuta Deportivo"},"content":{"rendered":"<p><span style=\"line-height: 1.5em;\">Al iniciar la rutina diaria Alirio Parra Rivera se sit\u00faa frente al espejo, se enjuaga el \u00a0rostro y como es costumbre se pone los gruesos lentes. Es padre responsable y amoroso de dos ni\u00f1as, seg\u00fan\u00a0 Leonor Mendoza, su \u00a0esposa. \u00a0En el comedor lo espera el desayuno preferido, compuesto por huevos pericos, arepa y chocolate.\u00a0<\/span><\/p>\n<p>Sale de casa con una enorme sonrisa y se carga al hombro el malet\u00edn negro, en el que guarda el material de trabajo, la c\u00e1mara fotogr\u00e1fica con la que captura en segundos las mejores im\u00e1genes del C\u00facuta Deportivo.<\/p>\n<p>Aunque en la mirada, igual que en los\u00a0 arcos de f\u00fatbol, hay una barrera, se nota el brillo de los ojos color caf\u00e9. Las cejas negras pobladas hacen contraste con las canas que recuerdan el paso de los a\u00f1os. La nariz grande sostiene las gafas pesadas. El bigote est\u00e1 acorde con la personalidad y unas cuantas arrugas en el rostro reflejan la experiencia y las vivencias en el recorrido de la carrera.<\/p>\n<p>Un domingo soleado, Eustorgio Colmenares Baptista, director de La Opini\u00f3n, \u00a0lo invit\u00f3 al tradicional paseo de comienzos de a\u00f1o. El d\u00eda \u00a0pintaba bien y Parra asisti\u00f3 a la reuni\u00f3n. Entre palabras y chanzas lo llam\u00f3 \u2018Vitamina\u2019 por la habilidad de trabajar ma\u00f1ana, tarde y parte de la noche. Y as\u00ed se qued\u00f3 para los amigos.<\/p>\n<p>La pasi\u00f3n por el f\u00fatbol le ha permitido ser hincha fiel del C\u00facuta Deportivo, hace 50 a\u00f1os. Como reportero gr\u00e1fico captura las fotograf\u00edas del equipo en cada partido, en el estadio General Santander, el segundo hogar donde no solo atrapa im\u00e1genes, sino que sufre y grita con cada derrota o triunfo.<\/p>\n<p>Hace 38 a\u00f1os est\u00e1 metido en los medios escritos y ha mostrado dedicaci\u00f3n y desempe\u00f1o en el trabajo. \u2018Ciego\u2019 es el segundo remoquete entre los conocidos. En la ciudad se ha ganado el aprecio de los cucute\u00f1os por la simpat\u00eda y el carisma que irradia cada d\u00eda.<\/p>\n<p>La\u00a0 familia es lo m\u00e1s importante y mantenerla unida es\u00a0 la mejor satisfacci\u00f3n. Cree que la constancia y la responsabilidad son los pilares para sostener el n\u00facleo familiar. La buena cara a las dificultades es la pieza perfecta para satisfacer y cumplir lo propuesto. Vive feliz\u00a0 en el matrimonio, en el que la base principal es la confianza. \u201cEl mejor amigo es Dios, el \u00fanico que est\u00e1 cundo estoy jodido\u201d.<\/p>\n<p>La peor experiencia la vivi\u00f3\u00a0 hace unos a\u00f1os en Barrancabermeja (Santander).\u00a0 El C\u00facuta Deportivo enfrentaba a Alianza Petrolera y se desplaz\u00f3 para cumplir con el trabajo como fot\u00f3grafo. En esa \u00e9poca laboraba para el Diario la Frontera. Entre las im\u00e1genes del estadio y de la tribuna tom\u00f3 la de un comandante paramilitar, uno de los m\u00e1s buscados en el pa\u00eds. Inmediatamente, comenzaron a localizarlo y no le qued\u00f3 m\u00e1s opci\u00f3n que esconderse. Se camufl\u00f3 entre siete buses \u00a0para \u201cno llegar a C\u00facuta con piyama de madera\u201d.<\/p>\n<p>Los medios de comunicaci\u00f3n no le dan sostenimiento econ\u00f3mico, pero le ofrecen lo que no da ning\u00fan empleo, amistad. El placer que en\u00a0 cualquier lugar lo saluden y lo dejen pasar en las actividades es la mayor satisfacci\u00f3n de \u2018Vitamina\u2019.<\/p>\n<p>Los 1,65 metros de estatura, piel trigue\u00f1a y las carcajadas\u00a0 caracterizan a este reportero gr\u00e1fico cucute\u00f1o, so\u00f1ador y perseverante, que con la mirada trasmite seguridad y capacidad para contagiar de buena energ\u00eda.<\/p>\n<p>A la hora de vestir la moda no lo atrae y prefiere ser sencillo y sutil. Pantalones de dril, corre\u00edta caf\u00e9, franela y zapatos, no lleva m\u00e1s vestimenta.\u00a0 En el brazo derecho utiliza pulseras del once motil\u00f3n.<\/p>\n<p>Diestro para la escritura. Le gustan la poes\u00eda y la m\u00fasica. Prefiere lo natural, lo pr\u00e1ctico. Es querido y agradecido, cualidades que se perciben en los ambientes familiar, social y laboral en los que se desenvuelve.<\/p>\n<p>La amabilidad,\u00a0 el gusto por lo que hace y la constancia en el trabajo le han permitido conseguir el reconocimiento de los amigos. Dar lo mejor en cada aspecto, mostrar buen humor y dar consejos basados en la experiencia son otras facetas de este hincha de coraz\u00f3n que no trabaja, solo juega con la c\u00e1mara para capturar los mejores momentos para darles alegr\u00eda a los espectadores.<\/p>\n<p><b>BANITY VERA RODRIGUEZ<\/b><\/p>\n<p><b>Estudiante de Comunicaci\u00f3n Social<\/b><\/p>\n<p><b>Universidad de Pamplona<\/b><\/p>\n<p><b>Campus de Villa del Rosario<\/b><\/p>\n<p>&nbsp; <\/p>\n","protected":false},"excerpt":{"rendered":"<p>Al iniciar la rutina diaria Alirio Parra Rivera se sit\u00faa frente al espejo, se enjuaga el \u00a0rostro y como es costumbre se pone los gruesos lentes. Es padre responsable y amoroso de dos ni\u00f1as, seg\u00fan\u00a0 Leonor Mendoza, su \u00a0esposa. \u00a0En el comedor lo espera el desayuno preferido, compuesto por huevos pericos, arepa y chocolate.\u00a0 Sale &hellip;<\/p>\n","protected":false},"author":1,"featured_media":21928,"comment_status":"open","ping_status":"open","sticky":false,"template":"","format":"standard","meta":{"footnotes":""},"categories":[74,45],"tags":[1483,192],"class_list":["post-21926","post","type-post","status-publish","format-standard","has-post-thumbnail","hentry","category-aula-universitaria","category-destacado","tag-alirio-parra-rivera","tag-cucuta-deportivo"],"_links":{"self":[{"href":"https:\/\/contraluzcucuta.co\/index.php?rest_route=\/wp\/v2\/posts\/21926","targetHints":{"allow":["GET"]}}],"collection":[{"href":"https:\/\/contraluzcucuta.co\/index.php?rest_route=\/wp\/v2\/posts"}],"about":[{"href":"https:\/\/contraluzcucuta.co\/index.php?rest_route=\/wp\/v2\/types\/post"}],"author":[{"embeddable":true,"href":"https:\/\/contraluzcucuta.co\/index.php?rest_route=\/wp\/v2\/users\/1"}],"replies":[{"embeddable":true,"href":"https:\/\/contraluzcucuta.co\/index.php?rest_route=%2Fwp%2Fv2%2Fcomments&post=21926"}],"version-history":[{"count":1,"href":"https:\/\/contraluzcucuta.co\/index.php?rest_route=\/wp\/v2\/posts\/21926\/revisions"}],"predecessor-version":[{"id":21929,"href":"https:\/\/contraluzcucuta.co\/index.php?rest_route=\/wp\/v2\/posts\/21926\/revisions\/21929"}],"wp:featuredmedia":[{"embeddable":true,"href":"https:\/\/contraluzcucuta.co\/index.php?rest_route=\/wp\/v2\/media\/21928"}],"wp:attachment":[{"href":"https:\/\/contraluzcucuta.co\/index.php?rest_route=%2Fwp%2Fv2%2Fmedia&parent=21926"}],"wp:term":[{"taxonomy":"category","embeddable":true,"href":"https:\/\/contraluzcucuta.co\/index.php?rest_route=%2Fwp%2Fv2%2Fcategories&post=21926"},{"taxonomy":"post_tag","embeddable":true,"href":"https:\/\/contraluzcucuta.co\/index.php?rest_route=%2Fwp%2Fv2%2Ftags&post=21926"}],"curies":[{"name":"wp","href":"https:\/\/api.w.org\/{rel}","templated":true}]}}