{"id":21917,"date":"2014-06-29T22:07:53","date_gmt":"2014-06-30T03:07:53","guid":{"rendered":"http:\/\/contraluzcucuta.co\/?p=21917"},"modified":"2014-06-30T11:21:06","modified_gmt":"2014-06-30T16:21:06","slug":"el-declive-del-catolicismo","status":"publish","type":"post","link":"https:\/\/contraluzcucuta.co\/?p=21917","title":{"rendered":"El declive del catolicismo"},"content":{"rendered":"<p><span style=\"line-height: 1.5em;\">\u201cEl catolicismo no est\u00e1 en declive. Lo que pasa es que las generaciones actuales est\u00e1n alejadas de Dios y los padres de familia no se preocupan por ense\u00f1arles a orar y a pedirle al Se\u00f1or Todo Poderoso que los proteja, siempre se acuerdan de \u00c9l cu\u00e1ndo est\u00e1n con el agua al cuello, ah\u00ed si dicen \u2018Dios m\u00edo ay\u00fadame\u2019\u201d.<\/span><\/p>\n<p>La reflexi\u00f3n la hizo el sacerdote Diego Huertas, p\u00e1rroco en la iglesia San Francisco de As\u00eds, del barrio \u00a0Ciudad Jard\u00edn. Agreg\u00f3 que los j\u00f3venes van a misa tan solo una vez al a\u00f1o, porque los obligan o por acompa\u00f1ar a la abuelita.<\/p>\n<p>En la parroquia hay un grupo juvenil que est\u00e1 en contacto permanente con la Iglesia y con lo que tenga que ver con ella. Hacen actividades, tienen un l\u00edder que se encarga de oficiar misas como si fuera un sacerdote de verdad, para que se ambienten con el mundo eclesial. El templo permanentemente se llena aunque solo de adultos que a\u00fan sienten temor de Dios.<\/p>\n<p>El catolicismo es la religi\u00f3n m\u00e1s importante del mundo, tiene cerca de 2300 millones de creyentes. Aunque parezca tener la misma vigencia y vigor de siempre, ha ido en declive en los \u00faltimos a\u00f1os y ha perdido seguidores. El islamismo tiene 2038 millones de creyentes y el budismo 1600 millones.<\/p>\n<p>Los fieles cat\u00f3licos no est\u00e1n convencidos de que han perdido poder a causa de los esc\u00e1ndalos venidos desde El Vaticano y por medio de la tecnolog\u00eda se han enterado del pasado que mancha la imagen. Desde las cruzadas, en las que a nombre de Dios asesinaron a miles de seres humanos, hasta la pedofilia se han visto envueltos en esc\u00e1ndalos.<\/p>\n<p>Hay fieles aferrados a las creencias que defienden la religi\u00f3n y dicen que Dios no es culpable de estas fechor\u00edas. Dios mand\u00f3 al hombre a hacer lo que quisiera sin intervenci\u00f3n del Padre Celestial y por eso no es culpable de lo malo que se haga en su nombre.<\/p>\n<p>\u201cDios no tiene nada que ver ah\u00ed. No le dijo al papa Gregorio VII que matara a todos los que mat\u00f3 y que \u00a0tomara a punta de guerra todos los pa\u00edses que tom\u00f3\u201d, dijo Mariana, feligr\u00e9s cat\u00f3lica. \u201cMando a su hijo para que se sacrificara en nuestro nombre y liberarnos de todo mal y pecado\u201d. Por fieles como Marina es que el catolicismo se mantiene y sigue con poder, a pesar de los esc\u00e1ndalos, los problemas y las demandas.<\/p>\n<p>Los seguidores se quejan porque el cura nunca da limosna, pide mucho dinero y, los fines de semana, recoge el diezmo. No hay misa en la que no pida dinero. Muchos seguidores han preferido pasar al ate\u00edsmo o de\u00edsmo por estas irregularidades, a las que se a\u00f1ade la de curas con esposas e hijos.<\/p>\n<p>Altos jerarcas, con el papa Francisco a la cabeza, han puesto sobre la mesa la posibilidad de aceptar propuestas que antes eran disparates y blasfemias imperdonables, como el matrimonio para los sacerdotes cat\u00f3licos y entre parejas del mismo sexo, y el aborto. As\u00ed tratan de remediar lo causado y ganar de nuevo la fe de los seguidores que se han perdido.<\/p>\n<p>Los creyentes no van a misa, no asisten a ceremonias que antes eran imperdibles y ni siquiera usan insignias, como un rosario o cam\u00e1ndula. A estas actividades asisten fieles mayores de 45 a\u00f1os y algunos ni\u00f1os menores de 14 a\u00f1os porque son obligados por los padres, no porque deseen hacerlo.<\/p>\n<p>\u201cEs triste ver a la gente tan alejada de Dios. Quisiera que hubiera m\u00e1s j\u00f3venes que adultos en mi iglesia, para al menos saber que les interesa conocer a Dios, que quieren estar cerca de \u00c9l. Se ha perdido totalmente la fe y es preocupante\u201d, dijo el sacerdote Carlos Jaimes, p\u00e1rroco de San Antonio de Padua, en El Zulia.<\/p>\n<p>No solo en Colombia se da este problema, ocurre en cualquier parte donde se profese la religi\u00f3n. Tal vez sea grave para algunos, mientras para otros es lo mejor que le puede pasar al catolicismo. En Colombia, el 30 por ciento de la poblaci\u00f3n es evang\u00e9lica, testigos de jehov\u00e1 y ateos. Estos \u00faltimos por indignaci\u00f3n prefieren abandonar la creencia familiar y creer en la existencia de una fuerza suprema y divina que rige las leyes del universo y la tierra, pero sin ligarse a ninguna religi\u00f3n.<\/p>\n<p>URIEL DAVID HIDALGO<\/p>\n<p>Estudiante de Comunicaci\u00f3n Social<\/p>\n<p>Universidad de Pamplona<\/p>\n<p>Campus de Villa del Rosario <\/p>\n","protected":false},"excerpt":{"rendered":"<p>\u201cEl catolicismo no est\u00e1 en declive. Lo que pasa es que las generaciones actuales est\u00e1n alejadas de Dios y los padres de familia no se preocupan por ense\u00f1arles a orar y a pedirle al Se\u00f1or Todo Poderoso que los proteja, siempre se acuerdan de \u00c9l cu\u00e1ndo est\u00e1n con el agua al cuello, ah\u00ed si dicen &hellip;<\/p>\n","protected":false},"author":1,"featured_media":21918,"comment_status":"open","ping_status":"open","sticky":false,"template":"","format":"standard","meta":{"footnotes":""},"categories":[74,45],"tags":[1480],"class_list":["post-21917","post","type-post","status-publish","format-standard","has-post-thumbnail","hentry","category-aula-universitaria","category-destacado","tag-catedral-de-cucuta"],"_links":{"self":[{"href":"https:\/\/contraluzcucuta.co\/index.php?rest_route=\/wp\/v2\/posts\/21917","targetHints":{"allow":["GET"]}}],"collection":[{"href":"https:\/\/contraluzcucuta.co\/index.php?rest_route=\/wp\/v2\/posts"}],"about":[{"href":"https:\/\/contraluzcucuta.co\/index.php?rest_route=\/wp\/v2\/types\/post"}],"author":[{"embeddable":true,"href":"https:\/\/contraluzcucuta.co\/index.php?rest_route=\/wp\/v2\/users\/1"}],"replies":[{"embeddable":true,"href":"https:\/\/contraluzcucuta.co\/index.php?rest_route=%2Fwp%2Fv2%2Fcomments&post=21917"}],"version-history":[{"count":1,"href":"https:\/\/contraluzcucuta.co\/index.php?rest_route=\/wp\/v2\/posts\/21917\/revisions"}],"predecessor-version":[{"id":21919,"href":"https:\/\/contraluzcucuta.co\/index.php?rest_route=\/wp\/v2\/posts\/21917\/revisions\/21919"}],"wp:featuredmedia":[{"embeddable":true,"href":"https:\/\/contraluzcucuta.co\/index.php?rest_route=\/wp\/v2\/media\/21918"}],"wp:attachment":[{"href":"https:\/\/contraluzcucuta.co\/index.php?rest_route=%2Fwp%2Fv2%2Fmedia&parent=21917"}],"wp:term":[{"taxonomy":"category","embeddable":true,"href":"https:\/\/contraluzcucuta.co\/index.php?rest_route=%2Fwp%2Fv2%2Fcategories&post=21917"},{"taxonomy":"post_tag","embeddable":true,"href":"https:\/\/contraluzcucuta.co\/index.php?rest_route=%2Fwp%2Fv2%2Ftags&post=21917"}],"curies":[{"name":"wp","href":"https:\/\/api.w.org\/{rel}","templated":true}]}}