{"id":21910,"date":"2014-06-27T20:31:38","date_gmt":"2014-06-28T01:31:38","guid":{"rendered":"http:\/\/contraluzcucuta.co\/?p=21910"},"modified":"2014-06-29T23:09:35","modified_gmt":"2014-06-30T04:09:35","slug":"festival-las-colonias-estaran-de-parranda","status":"publish","type":"post","link":"https:\/\/contraluzcucuta.co\/?p=21910","title":{"rendered":"FESTIVAL. Las colonias estar\u00e1n de parranda"},"content":{"rendered":"<p><b style=\"line-height: 1.5em;\">C\u00daCUTA.-<\/b><span style=\"line-height: 1.5em;\"> Las colonias de los municipios nortesantandereanos \u00a0residenciadas en C\u00facuta estar\u00e1n de fiesta, del 4 al 6 de julio. En la apertura los caballistas recorrer\u00e1n las principales v\u00edas de la ciudad para llegar a la Plaza de Banderas, donde se cumplir\u00e1n los actos protocolarios.<\/span><\/p>\n<p>Los cucute\u00f1os tendr\u00e1n la oportunidad de apreciar el desfile de carrozas, carros antiguos, grupos musicales, culturales y deportivos, que pasar\u00e1 por la Avenida Cero, calle 14, avenida 5, calle 5, avenida 3 y Diagonal Santander.<\/p>\n<p>En la primera noche los participantes en el Primer Festival Departamental de Colonias disfrutar\u00e1n con los fuegos pirot\u00e9cnicos, el desfile de madrinas y la actuaci\u00f3n de los grupos musicales Pablo Garc\u00eda, Ciro Qui\u00f1ones, Rey Hinojoza y San Miguelito.<\/p>\n<p>Las actividades del 5 de julio comenzar\u00e1n con el mercado campesino, la presentaci\u00f3n de cuenteros, trovadores y murgas; seguir\u00e1n el desfile Mujer y Deporte en Norte de Santander; el festival de patinaje intercolonias; las competencias en los juegos aut\u00f3ctonos; los encuentros de baloncesto, f\u00fatbol de sal\u00f3n, competencias atl\u00e9ticas y f\u00fatbol masculino; el festival equino; la muestra gastron\u00f3mica; las muestras folcl\u00f3ricas y la presentaci\u00f3n de Caliche, Saxo Band y Kabras.<\/p>\n<p>El 6 de julio, la programaci\u00f3n comienza con la bailoterapia, seguida por la actividad y exposici\u00f3n caninas; finales de baloncesto femenino, f\u00fatbol de sala, tejo y f\u00fatbol; cuentero, trovadores y murgas; muestras culturales; festival gastron\u00f3mico; premiaci\u00f3n del festival de patinaje; concurso infantil de danzas, y presentaci\u00f3n de grupos juveniles, Pablo Garc\u00eda, Hora Cero, Yambala y Lucho Rojas.<\/p>\n<p>Cada secretar\u00eda de despacho tendr\u00e1 a cargo la organizaci\u00f3n de una actividad. El Festival de Colonias cuenta con el patrocinio de empresas privadas y entidades oficiales. <\/p>\n","protected":false},"excerpt":{"rendered":"<p>C\u00daCUTA.- Las colonias de los municipios nortesantandereanos \u00a0residenciadas en C\u00facuta estar\u00e1n de fiesta, del 4 al 6 de julio. En la apertura los caballistas recorrer\u00e1n las principales v\u00edas de la ciudad para llegar a la Plaza de Banderas, donde se cumplir\u00e1n los actos protocolarios. Los cucute\u00f1os tendr\u00e1n la oportunidad de apreciar el desfile de carrozas, &hellip;<\/p>\n","protected":false},"author":1,"featured_media":21911,"comment_status":"open","ping_status":"open","sticky":false,"template":"","format":"standard","meta":{"footnotes":""},"categories":[37,32],"tags":[1478],"class_list":["post-21910","post","type-post","status-publish","format-standard","has-post-thumbnail","hentry","category-paseo-cultural","category-recorrido-por-la-region","tag-festival-departamental-de-colonias"],"_links":{"self":[{"href":"https:\/\/contraluzcucuta.co\/index.php?rest_route=\/wp\/v2\/posts\/21910","targetHints":{"allow":["GET"]}}],"collection":[{"href":"https:\/\/contraluzcucuta.co\/index.php?rest_route=\/wp\/v2\/posts"}],"about":[{"href":"https:\/\/contraluzcucuta.co\/index.php?rest_route=\/wp\/v2\/types\/post"}],"author":[{"embeddable":true,"href":"https:\/\/contraluzcucuta.co\/index.php?rest_route=\/wp\/v2\/users\/1"}],"replies":[{"embeddable":true,"href":"https:\/\/contraluzcucuta.co\/index.php?rest_route=%2Fwp%2Fv2%2Fcomments&post=21910"}],"version-history":[{"count":1,"href":"https:\/\/contraluzcucuta.co\/index.php?rest_route=\/wp\/v2\/posts\/21910\/revisions"}],"predecessor-version":[{"id":21912,"href":"https:\/\/contraluzcucuta.co\/index.php?rest_route=\/wp\/v2\/posts\/21910\/revisions\/21912"}],"wp:featuredmedia":[{"embeddable":true,"href":"https:\/\/contraluzcucuta.co\/index.php?rest_route=\/wp\/v2\/media\/21911"}],"wp:attachment":[{"href":"https:\/\/contraluzcucuta.co\/index.php?rest_route=%2Fwp%2Fv2%2Fmedia&parent=21910"}],"wp:term":[{"taxonomy":"category","embeddable":true,"href":"https:\/\/contraluzcucuta.co\/index.php?rest_route=%2Fwp%2Fv2%2Fcategories&post=21910"},{"taxonomy":"post_tag","embeddable":true,"href":"https:\/\/contraluzcucuta.co\/index.php?rest_route=%2Fwp%2Fv2%2Ftags&post=21910"}],"curies":[{"name":"wp","href":"https:\/\/api.w.org\/{rel}","templated":true}]}}