{"id":21907,"date":"2014-06-27T19:30:02","date_gmt":"2014-06-28T00:30:02","guid":{"rendered":"http:\/\/contraluzcucuta.co\/?p=21907"},"modified":"2014-06-29T23:10:13","modified_gmt":"2014-06-30T04:10:13","slug":"golpe-policial-operacion-halcon-contra-el-clan-usuga","status":"publish","type":"post","link":"https:\/\/contraluzcucuta.co\/?p=21907","title":{"rendered":"GOLPE POLICIAL.  Operaci\u00f3n \u2018Halc\u00f3n\u2019 contra el \u2018Clan \u00dasuga\u2019"},"content":{"rendered":"<p><b style=\"line-height: 1.5em;\">C\u00daCUTA.-<\/b><span style=\"line-height: 1.5em;\"> Veintiocho hombres y mujeres, pertenecientes al \u2018Clan \u00dasuga\u2019 fueron capturados por la Polic\u00eda Metropolitana de C\u00facuta en cumplimiento de la operaci\u00f3n \u2018Halc\u00f3n\u2019. Los detenidos eran buscados por concierto para delinquir, homicidio y porte ilegal de armas.<\/span><\/p>\n<p>Agentes de la Seccional de Investigaci\u00f3n Criminal (Sij\u00edn) iniciaron, hace seis meses, las labores investigativas en C\u00facuta, Villa del Rosario y Los Patios. Entre los capturados, 23 hombres, 4 mujeres y un menor de edad, figuran cabecillas de zona, cabecillas financieros, sicarios, integrantes y colaboradores encargados de \u00a0homicidios, comercializar sustancias psicoactivas y cobrar extorsiones.<\/p>\n<p>Las acciones policiales se efectuaron en desarrollo de la estrategia nacional contra las bandas criminales. Se cumplieron 19 diligencias de registro y allanamiento ordenadas por la Fiscal\u00eda y ejecutadas por la Unidad Investigativa en los barrios Cerro la Cruz, El Rosal, Navarro Wolf, Chapinero, Porvenir, Estoraques, Los Almendros, La Cordialidad, Patios Centro, Videlso y Santa Rosa de Lima.<\/p>\n<p>Entre los capturados aparecen:<\/p>\n<p>1.- Geovanny Dar\u00edo Fuentes D\u00edaz, alias \u2018Daniel\u2019 o \u2018El Divino\u2019, de 34 a\u00f1os, cabecilla principal de la red delincuencial al servicio del \u2018Clan \u00dasuga\u2019.<\/p>\n<p>2.- Edison Vladimir Rinc\u00f3n, alias \u2018La Ara\u00f1a\u2019, detenido en abril por extorsi\u00f3n y concierto para delinquir.<\/p>\n<p>3.- Mar\u00eda Isabel Mart\u00ednez, alias \u2018Mary\u2019, cabecilla en el barrio Cerro la Cruz<\/p>\n<p>4.- Franklin William Velandia Valderrama, alias \u2018Peque\u00f1o\u2019, cabecilla en Atalaya<\/p>\n<p>5.- Yebraim Mora Paredes, alias \u2018Pr\u00edncipe\u2019, jefe de sicarios en Los Patios<\/p>\n<p>6.- Gerson Fabi\u00e1n Mantilla Garc\u00eda, alias \u2018Mantequillo\u2019, jefe de sicarios en C\u00facuta<\/p>\n<p>7.- Un menor de 17 a\u00f1os, alias \u2018Bam Bam\u2019, presunto cabecilla militar de la red en la ciudad.<\/p>\n<p>8.- Jefes de finanzas Luis Carlos Acu\u00f1a, alias \u2018Pitbull\u2019, y Oswaldo Alberto Y\u00e1\u00f1ez Beltr\u00e1n.<\/p>\n<p>9.- Integrantes y colaboradores: Alonso Chona Rodr\u00edguez, alias \u2018Campesino\u2019; Carlos Alberto Berr\u00edo Mogoll\u00f3n; Duglas Hern\u00e1ndez Reyes, alias \u2018M\u2019 o \u2018Maqueco\u2019; Duina Nataly Calder\u00f3n,\u00a0 Jaiver Orlando Mora Ram\u00edrez, alias \u2018Redbull\u2019; Jhon Fredy Carrillo Rinc\u00f3n, alias \u2018Chavita\u2019; Jorge Eliecer Angarita Correa, alias \u2018Bartolo\u2019; Liliana Katherine Fuentes D\u00edaz, alias \u2018Lili\u2019; Pedro Antonio Reina Carrillo, alias \u2018Peter\u2019; Ra\u00fal Fabi\u00e1n Dur\u00e1n Romero, alias \u2018El mec\u00e1nico\u2019; Rom\u00e1n Andr\u00e9s Morales Carvajal, alias \u2018Duende\u2019; Sandra Liliana D\u00edaz Mogoll\u00f3n; Juan \u00c1lvaro Carvajal Ca\u00f1as, alias \u2018Pach\u00f3n\u2019; Jorge Pe\u00f1aranda Ortega, alias \u2018Barbas\u2019; Plinio Alexander S\u00e1nchez Parra; V\u00edctor Manuel Vargas Sandoval, alias \u2018Manotas\u2019; Emerson Hugo L\u00e1zaro; L\u00e1zaro Marlon Arley Maldonado Gonz\u00e1lez, y Jes\u00fas Alberto Guisao Rivera.<\/p>\n<p>Los capturados quedaron a disposici\u00f3n de la Fiscal\u00eda 69 Especializada contra el crimen organizado, por homicidio agravado, porte ilegal de armas de fuego, utilizaci\u00f3n de menores de edad en la comisi\u00f3n de delitos y concierto para delinquir.<\/p>\n<p>&nbsp; <\/p>\n","protected":false},"excerpt":{"rendered":"<p>C\u00daCUTA.- Veintiocho hombres y mujeres, pertenecientes al \u2018Clan \u00dasuga\u2019 fueron capturados por la Polic\u00eda Metropolitana de C\u00facuta en cumplimiento de la operaci\u00f3n \u2018Halc\u00f3n\u2019. Los detenidos eran buscados por concierto para delinquir, homicidio y porte ilegal de armas. Agentes de la Seccional de Investigaci\u00f3n Criminal (Sij\u00edn) iniciaron, hace seis meses, las labores investigativas en C\u00facuta, Villa &hellip;<\/p>\n","protected":false},"author":1,"featured_media":21908,"comment_status":"open","ping_status":"open","sticky":false,"template":"","format":"standard","meta":{"footnotes":""},"categories":[11,6],"tags":[1477,1476],"class_list":["post-21907","post","type-post","status-publish","format-standard","has-post-thumbnail","hentry","category-cronica-roja","category-ojo-avizor","tag-policia-metropolitana-mecuc","tag-sijin"],"_links":{"self":[{"href":"https:\/\/contraluzcucuta.co\/index.php?rest_route=\/wp\/v2\/posts\/21907","targetHints":{"allow":["GET"]}}],"collection":[{"href":"https:\/\/contraluzcucuta.co\/index.php?rest_route=\/wp\/v2\/posts"}],"about":[{"href":"https:\/\/contraluzcucuta.co\/index.php?rest_route=\/wp\/v2\/types\/post"}],"author":[{"embeddable":true,"href":"https:\/\/contraluzcucuta.co\/index.php?rest_route=\/wp\/v2\/users\/1"}],"replies":[{"embeddable":true,"href":"https:\/\/contraluzcucuta.co\/index.php?rest_route=%2Fwp%2Fv2%2Fcomments&post=21907"}],"version-history":[{"count":1,"href":"https:\/\/contraluzcucuta.co\/index.php?rest_route=\/wp\/v2\/posts\/21907\/revisions"}],"predecessor-version":[{"id":21909,"href":"https:\/\/contraluzcucuta.co\/index.php?rest_route=\/wp\/v2\/posts\/21907\/revisions\/21909"}],"wp:featuredmedia":[{"embeddable":true,"href":"https:\/\/contraluzcucuta.co\/index.php?rest_route=\/wp\/v2\/media\/21908"}],"wp:attachment":[{"href":"https:\/\/contraluzcucuta.co\/index.php?rest_route=%2Fwp%2Fv2%2Fmedia&parent=21907"}],"wp:term":[{"taxonomy":"category","embeddable":true,"href":"https:\/\/contraluzcucuta.co\/index.php?rest_route=%2Fwp%2Fv2%2Fcategories&post=21907"},{"taxonomy":"post_tag","embeddable":true,"href":"https:\/\/contraluzcucuta.co\/index.php?rest_route=%2Fwp%2Fv2%2Ftags&post=21907"}],"curies":[{"name":"wp","href":"https:\/\/api.w.org\/{rel}","templated":true}]}}