{"id":21901,"date":"2014-06-27T18:26:43","date_gmt":"2014-06-27T23:26:43","guid":{"rendered":"http:\/\/contraluzcucuta.co\/?p=21901"},"modified":"2014-06-29T23:12:47","modified_gmt":"2014-06-30T04:12:47","slug":"isep-y-papsivi-apuestas-para-restitucion-de-derechos-a-las-victimas","status":"publish","type":"post","link":"https:\/\/contraluzcucuta.co\/?p=21901","title":{"rendered":"ISEP y PAPSIVI. Apuestas para restituci\u00f3n de derechos a las v\u00edctimas"},"content":{"rendered":"<p>&nbsp;<\/p>\n<p><b>C\u00daCUTA.-<\/b> Veinti\u00fan organizaciones sociales y comunitarias de mujeres, j\u00f3venes y v\u00edctimas, hogares juveniles campesinos, comit\u00e9s ecol\u00f3gicos y\u00a0 peque\u00f1os madereros se beneficiaron con la ejecuci\u00f3n del Proyecto Inclusi\u00f3n Social con Enfoque Psicosocial (Isep).<\/p>\n<p>El trabajo se cumpli\u00f3 en Hacar\u00ed, San Calixto, Teorama, Convenci\u00f3n, Sardinata, El Tarra y Tib\u00fa (La Gabarra). En los siete municipios, pertenecientes a la zona de El Catatumbo, se desarrollaron procesos productivos, psicosociales, tur\u00edsticos y ambientales.<\/p>\n<p>La puesta en marcha del proyecto garantiz\u00f3 acciones transversales de sensibilizaci\u00f3n, construcci\u00f3n de sociedad, desarrollo de capacidades e iniciativas de inclusi\u00f3n. La iniciativa cont\u00f3 con apoyo del Secretariado Nacional de la Pastoral Social y la Pastoral Social de Oca\u00f1a y Tib\u00fa.<\/p>\n<p>Los esfuerzos institucionales han involucrado a las v\u00edctimas del conflicto en cumplimiento de Ley 1448 de 2011. La norma establece las medidas de atenci\u00f3n, asistencia y reparaci\u00f3n integral.<\/p>\n<p>Entre tanto, el Programa de Atenci\u00f3n Psicosocial y Salud Integral a V\u00edctimas del conflicto armado (Papsivi), cumpli\u00f3 labores de enlace en 23 municipios y 10 corregimientos durante la Fase I, con dos equipos fijos y cinco m\u00f3viles conformados por psic\u00f3logos, enfermeros y v\u00edctimas.<\/p>\n<p>El programa est\u00e1 reglamentado por el Decreto 4800 de 2011 y \u00a0promovido por el Ministerio de Salud y Protecci\u00f3n Social. En la regi\u00f3n est\u00e1 representado por Corprodinco y se encuentra en etapa de transici\u00f3n a la Fase II que fortalecer\u00e1 las acciones, a partir de agosto, con 10 equipos de atenci\u00f3n psicosocial en los municipios seleccionados.<\/p>\n<p>La socializaci\u00f3n de la ruta de atenci\u00f3n a v\u00edctimas de minas antipersonal, a cargo del Instituto Departamental de Salud, se llev\u00f3 a cabo en C\u00facuta, para generar el plan de seguimiento, control y vigilancia que permita garantizar la atenci\u00f3n integral en salud y psicosocial a v\u00edctimas de conflicto en Norte de Santander.<\/p>\n<p>Entidades del sector p\u00fablico que abordan el tema participaron en la II Mesa T\u00e9cnica de Atenci\u00f3n en Salud y Subcomit\u00e9 de Medidas de Rehabilitaci\u00f3n para revisi\u00f3n de avances regionales.<\/p>\n<p>Representantes de la Defensor\u00eda del Pueblo Regional Norte de Santander\u00a0 y Oca\u00f1a, Unidad Especial para la Atenci\u00f3n y Reparaci\u00f3n Integral a las V\u00edctimas, Instituto Colombiano de Bienestar Familiar y Secretarios departamentales de la Mujer, Atenci\u00f3n a V\u00edctimas, Desarrollo Social y Comunitario y Vivienda, participaron hicieron observaciones a las situaciones reportadas por las comunidades.<\/p>\n<p>Javier Orlando Prieto, director del Instituto Departamental de Salud, dijo que \u201cNorte de Santander ha establecido un compromiso dirigido a generar espacios para la discusi\u00f3n de estrategias que materialicen el acompa\u00f1amiento a las v\u00edctimas del conflicto y les ofrezcan garant\u00edas para la restituci\u00f3n de los derechos\u201d.<\/p>\n<p>La ruta de atenci\u00f3n es el mecanismo efectivo para garantizar acceso, oportunidad e integralidad en los servicios inmediatos, reconstrucci\u00f3n de v\u00ednculos, generaci\u00f3n de confianza y restablecimiento de derechos.<\/p>\n<p>En Norte de Santander hay 130.000 v\u00edctimas, representadas en la Mesa Departamental y las mesas municipales que incluyen delegados de comunidades negras, afrocolombianas, raizales, palenqueras, ind\u00edgenas y gitanos.<\/p>\n<p>&nbsp; <\/p>\n","protected":false},"excerpt":{"rendered":"<p>&nbsp; C\u00daCUTA.- Veinti\u00fan organizaciones sociales y comunitarias de mujeres, j\u00f3venes y v\u00edctimas, hogares juveniles campesinos, comit\u00e9s ecol\u00f3gicos y\u00a0 peque\u00f1os madereros se beneficiaron con la ejecuci\u00f3n del Proyecto Inclusi\u00f3n Social con Enfoque Psicosocial (Isep). El trabajo se cumpli\u00f3 en Hacar\u00ed, San Calixto, Teorama, Convenci\u00f3n, Sardinata, El Tarra y Tib\u00fa (La Gabarra). En los siete municipios, pertenecientes &hellip;<\/p>\n","protected":false},"author":1,"featured_media":21902,"comment_status":"open","ping_status":"open","sticky":false,"template":"","format":"standard","meta":{"footnotes":""},"categories":[5,36],"tags":[157,1473],"class_list":["post-21901","post","type-post","status-publish","format-standard","has-post-thumbnail","hentry","category-justicia-transicional","category-la-voz-del-pueblo","tag-justicia-transicional-2","tag-victimas-en-norte-de-santander"],"_links":{"self":[{"href":"https:\/\/contraluzcucuta.co\/index.php?rest_route=\/wp\/v2\/posts\/21901","targetHints":{"allow":["GET"]}}],"collection":[{"href":"https:\/\/contraluzcucuta.co\/index.php?rest_route=\/wp\/v2\/posts"}],"about":[{"href":"https:\/\/contraluzcucuta.co\/index.php?rest_route=\/wp\/v2\/types\/post"}],"author":[{"embeddable":true,"href":"https:\/\/contraluzcucuta.co\/index.php?rest_route=\/wp\/v2\/users\/1"}],"replies":[{"embeddable":true,"href":"https:\/\/contraluzcucuta.co\/index.php?rest_route=%2Fwp%2Fv2%2Fcomments&post=21901"}],"version-history":[{"count":1,"href":"https:\/\/contraluzcucuta.co\/index.php?rest_route=\/wp\/v2\/posts\/21901\/revisions"}],"predecessor-version":[{"id":21903,"href":"https:\/\/contraluzcucuta.co\/index.php?rest_route=\/wp\/v2\/posts\/21901\/revisions\/21903"}],"wp:featuredmedia":[{"embeddable":true,"href":"https:\/\/contraluzcucuta.co\/index.php?rest_route=\/wp\/v2\/media\/21902"}],"wp:attachment":[{"href":"https:\/\/contraluzcucuta.co\/index.php?rest_route=%2Fwp%2Fv2%2Fmedia&parent=21901"}],"wp:term":[{"taxonomy":"category","embeddable":true,"href":"https:\/\/contraluzcucuta.co\/index.php?rest_route=%2Fwp%2Fv2%2Fcategories&post=21901"},{"taxonomy":"post_tag","embeddable":true,"href":"https:\/\/contraluzcucuta.co\/index.php?rest_route=%2Fwp%2Fv2%2Ftags&post=21901"}],"curies":[{"name":"wp","href":"https:\/\/api.w.org\/{rel}","templated":true}]}}