{"id":21897,"date":"2014-06-26T22:21:48","date_gmt":"2014-06-27T03:21:48","guid":{"rendered":"http:\/\/contraluzcucuta.co\/?p=21897"},"modified":"2014-06-27T22:04:54","modified_gmt":"2014-06-28T03:04:54","slug":"notas-al-margen-recordando-tiempos-y-comparando-acciones","status":"publish","type":"post","link":"https:\/\/contraluzcucuta.co\/?p=21897","title":{"rendered":"NOTAS AL MARGEN. Recordando tiempos y comparando acciones"},"content":{"rendered":"<p><span style=\"line-height: 1.5em;\">Definitivamente, hay etapas que marcan y dejan huella. Adem\u00e1s, generan referencias, comparaciones\u00a0 y obligadas alusiones cuando se cita un caso o un nombre, actividad o compromiso que vale recordar. Nos\u00a0 referimos al per\u00edodo de los a\u00f1os 60, 70, 80 y 90, cuando se despert\u00f3 gran atenci\u00f3n sobre lo nuestro y mediante actividades que se concentraron en exponentes y miembros de la mayor actividad, hicieron de esa \u00e9poca una permanente presencia y participaci\u00f3n en el an\u00e1lisis, defensa y proyecci\u00f3n de la capital Norte santandereana, de la frontera y de la regi\u00f3n en general.<\/span><\/p>\n<p>S\u00cd, fueron tiempos de m\u00faltiples encuentros, convocatorias y declaraciones para apoyar y respaldar iniciativas y proyectos que necesitaban el concurso y respaldo\u00a0 de muchos. Fueron\u00a0 d\u00edas de batallas sucesivas\u00a0 y de actos enaltecedores y renovadores en\u00a0 empe\u00f1os y prop\u00f3sitos que recibieron acogida y apoyo por parte de muchos. Y, con una caracter\u00edstica\u00a0 important\u00edsima en aquel entonces, que se obraba y proced\u00eda sin elucubraciones partidaristas o de grupo, no obstante el calor de las disputas que se suced\u00edan.<\/p>\n<p>Aludimos como comienzo a los a\u00f1os 60, porque la actividad econ\u00f3mica experiment\u00f3 una contracci\u00f3n que oblig\u00f3 a los directivos locales y a voceros de la gesti\u00f3n empresarial\u00a0 y cultural a valorar la necesidad de buscar alternativas y establecer contactos con el centro nacional, en procura de una mayor representatividad y tratando de descentralizar acciones y labores.<\/p>\n<p>Personajes como Guillermo Eliseo Su\u00e1rez, Nicol\u00e1s Colmenares, Humberto Espinel, Luis Saavedra, Jaime P\u00e9rez L., Carlos A. Rangel, Antonio G\u00f3mez P., Carlos P\u00e9rez E., Hernando Barjuch,\u00a0 Marcos D\u00edaz, Argelino Duran Q., Adolfo Morales, Sergio Entrena, Pedro Sayago, Jaime Bustamante, Rub\u00e9n Eslava, Cayetano Cort\u00e9s, Miguel Hern\u00e1ndez, Gustavo Rodr\u00edguez, Antonio Mar\u00eda Pati\u00f1o, Pedro Entrena P., Luis Francisco Jaimes, Marcos Leiva, Giovanni Martin, Carlos Luis\u00a0 Peralta, Pablo Vanegas,\u00a0 Faustino Rodr\u00edguez, Luciano Jaramillo, Manuel Jos\u00e9 Vargas, Fidelia Villamizar,\u00a0 El\u00edas Ja\u00edmes C., Jaime C\u00e1rdenas V., Rodolfo Chac\u00f3n, Rosa M. Ni\u00f1o, Cayetano Morelli, Mario Villamizar S., Hernando Ruan G., Carlos Ardila O., Carlos V. Rey, Jos\u00e9 Rafael Bruno, Teodomiro Carvajal, Luis A. Medina, Laura Villalobos, \u00c1lvaro Villamizar S., Jos\u00e9 Gregorio Acevedo, Cicer\u00f3n Fl\u00f3rez, Ofelia de\u00a0 M\u00e9ndez, Tulio Zambrano, Jos\u00e9 Urbina A., Carlos J. Pe\u00f1a, Jorge Duran S., Luis Ra\u00fal Rodr\u00edguez, Alfonso Salas, Gustavo Vejar, Ligia de Lara, Gustavo Rojas P., Ernesto Vargas L., Eduardo Restrepo, Jos\u00e9 Arturo S\u00e1nchez, Gustavo Lozano, Jos\u00e9 Luis Acero, Dora de Mora, Aura de Marcucci, Juli\u00e1n Caicedo, Luis Eduardo Casas, Margarita Silva, H\u00e9ctor Ib\u00e1\u00f1ez,\u00a0 Mar\u00eda C. Arenas, Marco A. Pe\u00f1aloza,\u00a0 V\u00edctor Ni\u00f1o M., Antonio Soler L., Alberto Borda R., Samuel Li\u00e9vano, Juan Alcides Santaella, Juan A. Ram\u00edrez, Manuel Waldo Carrero, Arnulfo Brice\u00f1o, Pablo Tarazona, Marino Vargas, Lino Galaviz,\u00a0 Myriam Hern\u00e1ndez, Pablo E. Ram\u00edrez, Jorge Dur\u00e1n, Carlos Pe\u00f1a, Belisario Rodr\u00edguez, Juan B. Cote, Eduardo Assaf, Gustavo Buenahora, Carlos Ram\u00edrez P., Luis Eduardo Mantilla, Carlos P\u00e9rez A., Sergio Borrero, Hernando Lara, Alfonso Lara, Alfonso Gonz\u00e1lez, Manuel D\u00edaz C., Jos\u00e9 \u00c1ngel S\u00e1nchez,\u00a0 Numa\u00a0 P. Guerrero, Aziz\u00a0 Abrahim, Te\u00f3dulo G\u00e9lvez, Carmelo D\u00edaz, Ricardo Urazan N., Daniel Raad, Humberto Monta\u00f1ez, Jos\u00e9 Parada, Eustorgio Colmenares, Luis Parra Bol\u00edvar, Juan E. Mart\u00ednez, Alfredo Mendoza, F\u00e9lix Salcedo, Justo P. Calder\u00f3n, Jos\u00e9 Barajas, Teodosio Cabeza Q., Luis Vicente Serrano, Ernesto Villamizar, Sen\u00e9n Botello, Enrique Vargas R., Fernando Alsina, Jos\u00e9 G\u00e9lvez, Jairo Slebi, Ra\u00fal Ortega, Miguel M\u00e9ndez C., Gustavo Lozano, Carlos Mutis, Miguel Ca\u00f1izares, Daniel Bustamante, Luis R. Parra, Jorge Saieh, Daniel Hern\u00e1ndez, Jorge Cristo, Rafael Canal S., Rolando Pe\u00f1aloza, Alberto Santaella, Rafael Rangel, Jorge Rodr\u00edguez, Ofelia Villamizar, Reinaldo Mantilla, Hel\u00ed Bernal G., Rodolfo\u00a0 Mora, Manuel\u00a0 Ujueta, Pedro A. Ortiz, Miguel Garc\u00eda Herreros, Gabriel P\u00e9rez E., Gilberto Gamboa, Peter Zhan, Alipio Mantilla, Ra\u00fal L\u00f3pez, Efra\u00edn V\u00e1squez, Manuel Jos\u00e9 Cabrera, Luis E. Guerrero, Rodrigo Lara, Pedro\u00a0 A. G\u00f3mez, Iv\u00e1n Gonz\u00e1lez, \u00c1lvaro Riascos, Alfonso Gonz\u00e1lez,\u00a0 fueron &#8211; con cientos de\u00a0\u00a0 otros y otras &#8211; quienes empujaron e hicieron aportes sirviendo de\u00a0 impulsores y auxiliares importantes ante el deseo de avanzar.<\/p>\n<p>Repasar esos tiempos es\u00a0 hallar las diferencias con el ahora \u2013\u00a0 pasivo, d\u00e9bil\u00a0 y desunido- de hoy. Por eso, debemos intentar todo lo que nos sea permisible y v\u00e1lido.<\/p>\n<p><b>JOS\u00c9 NEIRA REY<\/b><\/p>\n<p><b>jneirarey@hotmail.com\u00a0 <\/b><\/p>\n<p><b>Notas al margen<\/b><\/p>\n<p><b>\u00a0Foto:\u00a0http:\/\/www.panoramio.com\/photo\/2677072<\/b> <\/p>\n","protected":false},"excerpt":{"rendered":"<p>Definitivamente, hay etapas que marcan y dejan huella. Adem\u00e1s, generan referencias, comparaciones\u00a0 y obligadas alusiones cuando se cita un caso o un nombre, actividad o compromiso que vale recordar. Nos\u00a0 referimos al per\u00edodo de los a\u00f1os 60, 70, 80 y 90, cuando se despert\u00f3 gran atenci\u00f3n sobre lo nuestro y mediante actividades que se concentraron &hellip;<\/p>\n","protected":false},"author":1,"featured_media":21899,"comment_status":"open","ping_status":"open","sticky":false,"template":"","format":"standard","meta":{"footnotes":""},"categories":[14,36],"tags":[382,956],"class_list":["post-21897","post","type-post","status-publish","format-standard","has-post-thumbnail","hentry","category-articulistas","category-la-voz-del-pueblo","tag-jose-neira","tag-notas-al-margen"],"_links":{"self":[{"href":"https:\/\/contraluzcucuta.co\/index.php?rest_route=\/wp\/v2\/posts\/21897","targetHints":{"allow":["GET"]}}],"collection":[{"href":"https:\/\/contraluzcucuta.co\/index.php?rest_route=\/wp\/v2\/posts"}],"about":[{"href":"https:\/\/contraluzcucuta.co\/index.php?rest_route=\/wp\/v2\/types\/post"}],"author":[{"embeddable":true,"href":"https:\/\/contraluzcucuta.co\/index.php?rest_route=\/wp\/v2\/users\/1"}],"replies":[{"embeddable":true,"href":"https:\/\/contraluzcucuta.co\/index.php?rest_route=%2Fwp%2Fv2%2Fcomments&post=21897"}],"version-history":[{"count":1,"href":"https:\/\/contraluzcucuta.co\/index.php?rest_route=\/wp\/v2\/posts\/21897\/revisions"}],"predecessor-version":[{"id":21900,"href":"https:\/\/contraluzcucuta.co\/index.php?rest_route=\/wp\/v2\/posts\/21897\/revisions\/21900"}],"wp:featuredmedia":[{"embeddable":true,"href":"https:\/\/contraluzcucuta.co\/index.php?rest_route=\/wp\/v2\/media\/21899"}],"wp:attachment":[{"href":"https:\/\/contraluzcucuta.co\/index.php?rest_route=%2Fwp%2Fv2%2Fmedia&parent=21897"}],"wp:term":[{"taxonomy":"category","embeddable":true,"href":"https:\/\/contraluzcucuta.co\/index.php?rest_route=%2Fwp%2Fv2%2Fcategories&post=21897"},{"taxonomy":"post_tag","embeddable":true,"href":"https:\/\/contraluzcucuta.co\/index.php?rest_route=%2Fwp%2Fv2%2Ftags&post=21897"}],"curies":[{"name":"wp","href":"https:\/\/api.w.org\/{rel}","templated":true}]}}