{"id":21893,"date":"2014-06-26T22:03:07","date_gmt":"2014-06-27T03:03:07","guid":{"rendered":"http:\/\/contraluzcucuta.co\/?p=21893"},"modified":"2014-06-27T22:05:26","modified_gmt":"2014-06-28T03:05:26","slug":"reportaje-discapacidad-poco-apoyo-empresarial","status":"publish","type":"post","link":"https:\/\/contraluzcucuta.co\/?p=21893","title":{"rendered":"REPORTAJE. Discapacidad poco apoyo empresarial"},"content":{"rendered":"<p><b style=\"line-height: 1.5em;\">C\u00daCUTA.-<\/b><span style=\"line-height: 1.5em;\"> Preocupante, as\u00ed luce el panorama de desempleo en la capital nortesantandereana. El \u00edndice de desocupaci\u00f3n en la ciudad y en la regi\u00f3n aumenta y la crisis fronteriza es uno de los factores principales. De la relaci\u00f3n comercial con Venezuela depende buena parte de la estabilidad, que permanece sujeta a unas pol\u00edticas que desfavorecen a la industria local.\u00a0<\/span><\/p>\n<p>El problema se agrava al hablar de la poblaci\u00f3n discapacitada. El trabajo es un derecho y una obligaci\u00f3n social, y goza, en todas las modalidades, de la especial protecci\u00f3n del Estado. Todo colombiano tiene derecho a un trabajo en condiciones dignas y justas, reza el art\u00edculo 25 de la Constituci\u00f3n Nacional.<\/p>\n<p>\u00bfSe cumple esto? En una ciudad donde la malla vial parece estar dise\u00f1ada \u00fanica y exclusivamente para veh\u00edculos y \u00a0en la que se hace casi imposible el tr\u00e1nsito de peatones sin limitaci\u00f3n f\u00edsica, se convierte en un desaf\u00edo para los discapacitados.<\/p>\n<p>Si se habla de las empresas y la infraestructura dise\u00f1ada para el empleo de personal que presenta deficiencias f\u00edsicas, mentales, intelectuales o sensoriales son pocas en las que el empleador vela por la comodidad de los trabajadores en estas condiciones.<\/p>\n<p>Home Center emplea bajo pol\u00edticas propias de labor social y cuenta con siete empleados discapacitados. El n\u00famero var\u00eda seg\u00fan la cadena de mercado distribuida en el pa\u00eds. La jornada laboral es de seis d\u00edas a la semana y uno de descanso. Hay flexibilidad en los horarios para continuar los estudios.<\/p>\n<p>Buena parte de la poblaci\u00f3n est\u00e1 afectada directa o indirectamente por alg\u00fan tipo de discapacidad: motora, visual, cognoscitiva o m\u00faltiples. El Estado brinda un subsidio que solo se hace efectivo en las mujeres a los 52 a\u00f1os \u00a0y en hombres a los 57.<\/p>\n<p>El Sena forma a los discapacitados para la inclusi\u00f3n laboral. Seg\u00fan el censo del 2005, el 6,4 por ciento de los colombianos sufre una limitaci\u00f3n permanente, lo que equivale a 2,6 \u00a0millones de habitantes que presentan dificultades para vincularse laboralmente. La falta de oportunidades hace que le desempleo sea hasta tres veces mayor al de la poblaci\u00f3n en general, seg\u00fan el Pacto Internacional de Derechos Econ\u00f3micos, Sociales y Culturales (Pidesc).<\/p>\n<p>En el Registro de Localizaci\u00f3n y Caracterizaci\u00f3n de Personas con Discapacidad del Dane, a marzo de 2010, se registraban en el pa\u00eds m\u00e1s de 790.000 individuos con en esta condici\u00f3n (47,5 % hombres y 52,5 % mujeres), de los cuales 120.000 reportaron laborar en los \u00faltimos seis meses. Adicionalmente, 233.000 afirmaron estar incapacitados permanentemente para trabajar y sin pensi\u00f3n, mientras que otros 34.000 buscaban trabajo, casi 184.000 llevaban a cabo oficios del hogar y 57.000 estudiaban.<\/p>\n<p>El Sena, como ejecutor, en parte, de la Pol\u00edtica Nacional de Atenci\u00f3n a las Personas con Discapacidad, ofrece cupos de formaci\u00f3n para el trabajo.<\/p>\n<p>El Decreto 884 de 2012 reglament\u00f3 la Ley 1221, que define las normas para promover el teletrabajo en el pa\u00eds. En el art\u00edculo 3 se define como un beneficio para la poblaci\u00f3n vulnerable que incluye a personas con discapacidad que desde el hogar puede tener mejores posibilidades para acceder a oportunidades laborales, mediante el uso de las herramientas tecnol\u00f3gicas.<\/p>\n<p><b>ANGIE LORENA PAB\u00d3N <\/b><\/p>\n<p><b>Estudiante de Comunicaci\u00f3n Social<\/b><\/p>\n<p><b>Universidad de Pamplona<\/b><\/p>\n<p><b>Campus de Villa del Rosario<\/b><\/p>\n<p><b>\u00a0Foto:\u00a0<a href=\"https:\/\/www.google.com.co\/url?sa=i&amp;rct=j&amp;q=&amp;esrc=s&amp;source=images&amp;cd=&amp;cad=rja&amp;uact=8&amp;docid=wC1JTjcue9jElM&amp;tbnid=zH6LvOKA8M5UjM:&amp;ved=0CAQQjB0&amp;url=http%3A%2F%2Flaorquesta.mx%2Fdarian-beneficios-fiscales-a-quienes-contraten-personas-con-discapacidad%2F&amp;ei=Xt6sU7CBHqmhsQSvoIH4DA&amp;bvm=bv.69837884,d.cWc&amp;psig=AFQjCNFIUJucChAf0oDamJgtA70PFDrTLA&amp;ust=1403924422460748\" data-ved=\"0CAQQjB0\" data-href=\"http:\/\/laorquesta.mx\/darian-beneficios-fiscales-a-quienes-contraten-personas-con-discapacidad\/\">laorquesta.mx<\/a><\/b><\/p>\n<p>&nbsp; <\/p>\n","protected":false},"excerpt":{"rendered":"<p>C\u00daCUTA.- Preocupante, as\u00ed luce el panorama de desempleo en la capital nortesantandereana. El \u00edndice de desocupaci\u00f3n en la ciudad y en la regi\u00f3n aumenta y la crisis fronteriza es uno de los factores principales. De la relaci\u00f3n comercial con Venezuela depende buena parte de la estabilidad, que permanece sujeta a unas pol\u00edticas que desfavorecen a &hellip;<\/p>\n","protected":false},"author":1,"featured_media":21894,"comment_status":"open","ping_status":"open","sticky":false,"template":"","format":"standard","meta":{"footnotes":""},"categories":[74,45],"tags":[1472],"class_list":["post-21893","post","type-post","status-publish","format-standard","has-post-thumbnail","hentry","category-aula-universitaria","category-destacado","tag-discapacidad-laboral"],"_links":{"self":[{"href":"https:\/\/contraluzcucuta.co\/index.php?rest_route=\/wp\/v2\/posts\/21893","targetHints":{"allow":["GET"]}}],"collection":[{"href":"https:\/\/contraluzcucuta.co\/index.php?rest_route=\/wp\/v2\/posts"}],"about":[{"href":"https:\/\/contraluzcucuta.co\/index.php?rest_route=\/wp\/v2\/types\/post"}],"author":[{"embeddable":true,"href":"https:\/\/contraluzcucuta.co\/index.php?rest_route=\/wp\/v2\/users\/1"}],"replies":[{"embeddable":true,"href":"https:\/\/contraluzcucuta.co\/index.php?rest_route=%2Fwp%2Fv2%2Fcomments&post=21893"}],"version-history":[{"count":1,"href":"https:\/\/contraluzcucuta.co\/index.php?rest_route=\/wp\/v2\/posts\/21893\/revisions"}],"predecessor-version":[{"id":21895,"href":"https:\/\/contraluzcucuta.co\/index.php?rest_route=\/wp\/v2\/posts\/21893\/revisions\/21895"}],"wp:featuredmedia":[{"embeddable":true,"href":"https:\/\/contraluzcucuta.co\/index.php?rest_route=\/wp\/v2\/media\/21894"}],"wp:attachment":[{"href":"https:\/\/contraluzcucuta.co\/index.php?rest_route=%2Fwp%2Fv2%2Fmedia&parent=21893"}],"wp:term":[{"taxonomy":"category","embeddable":true,"href":"https:\/\/contraluzcucuta.co\/index.php?rest_route=%2Fwp%2Fv2%2Fcategories&post=21893"},{"taxonomy":"post_tag","embeddable":true,"href":"https:\/\/contraluzcucuta.co\/index.php?rest_route=%2Fwp%2Fv2%2Ftags&post=21893"}],"curies":[{"name":"wp","href":"https:\/\/api.w.org\/{rel}","templated":true}]}}