{"id":21878,"date":"2014-06-25T19:13:12","date_gmt":"2014-06-26T00:13:12","guid":{"rendered":"http:\/\/contraluzcucuta.co\/?p=21878"},"modified":"2014-06-26T22:24:47","modified_gmt":"2014-06-27T03:24:47","slug":"reinado-universitario-janik-daniela-jaimes-representa-a-la-unipamplona","status":"publish","type":"post","link":"https:\/\/contraluzcucuta.co\/?p=21878","title":{"rendered":"REINADO UNIVERSITARIO. Janik Daniela Jaimes  representa a la Unipamplona"},"content":{"rendered":"<p><b style=\"line-height: 1.5em;\">PAMPLONA.-<\/b><span style=\"line-height: 1.5em;\"> Janik Daniela Jaimes Y\u00e1\u00f1ez, estudiante del programa de Comunicaci\u00f3n Social de la Universidad de Pamplona, extensi\u00f3n Villa del Rosario, representar\u00e1 a la instituci\u00f3n en el III Reinado Binacional Universitario 2014.<\/span><\/p>\n<p>Las candidatas de la Facultad de Artes y Humanidades buscaron el honor de lucir el cetro y la corona. Jaimes Y\u00e1\u00f1ez recibi\u00f3 la puntuaci\u00f3n m\u00e1s alta de parte de los jurados y la ovaci\u00f3n del p\u00fablico.<\/p>\n<p>Desde el inicio del certamen la futura comunicadora social tuvo la aceptaci\u00f3n de los asistentes a los actos. Al final, se qued\u00f3 con la corona como reina Universidad de Pamplona 2014.<\/p>\n<p>El reto consiste en superar en belleza, porte, actitud y pasarela a las candidatas al Reinado Binacional Universitaria, en la tercera versi\u00f3n. Janik Daniela Jaimes est\u00e1 preparada y segura de obtener el primer lugar.<\/p>\n<p>\u201cMe siento preparada y vamos por esta corona este a\u00f1o. Ha sido un proceso largo de preparaci\u00f3n f\u00edsica, espiritual e intelectualmente. Me siento con todas las expectativas y las ganas de ganar para nuestra Universidad de Pamplona\u201d, afirm\u00f3 la representante.<\/p>\n<p>Invit\u00f3 a la comunidad universitaria para que la apoye en las Ferias y Fiestas de Pamplona, que iniciar\u00e1n este 26 de junio. \u201cLos invito para que nos acompa\u00f1en en el reinado binacional y me apoyen, porque es una motivaci\u00f3n para participar con toda la energ\u00eda en el concurso\u201d.<\/p>\n<p>Las candidatas fueron evaluadas en pasarela, figura, expresi\u00f3n corporal, sonrisa y tonificaci\u00f3n, en dos categor\u00edas: traje de ba\u00f1o y de gala. Estas cualidades y aptitudes son importantes para destacarse en el reto de participar con bellezas de Colombia y Venezuela.<\/p>\n<p>Las candidatas participantes fueron:<\/p>\n<p>1.- Facultad de Artes y Humanidades<\/p>\n<p>Janik Daniela Jaimes Ya\u00f1ez, programa Comunicaci\u00f3n Social. Ganadora<\/p>\n<p>2.- Facultad de Ciencias Agrarias<\/p>\n<p>Laura Fernanda Hernand\u00e9z, programa Medicina Veterinaria. Virreina<\/p>\n<p>3.- Facultad de Ciencias Econ\u00f3micas y Empresariales<\/p>\n<p>Eliana Boavita Soto, programa Administraci\u00f3n Comercial y de Sistemas. Princesa.<\/p>\n<p>4.- Karen Manrique Rico, programa Administraci\u00f3n de Empresas.<\/p>\n<p>5.- Facultad de Ingenier\u00edas y Arquitectura:<\/p>\n<p>6.- Yelitza Dur\u00e1n Vanegas, programa de Arquitectura<\/p>\n<p>7.- Miladdy Gabriela Buitrago Ochoa, programa Ingenier\u00eda Industrial.<\/p>\n<p>8.- Facultad de Salud:<\/p>\n<p>Liceth Katerine Herrera Nieto, programa Psicolog\u00eda.<\/p>\n<p>&nbsp;<\/p>\n<p>&nbsp; <\/p>\n","protected":false},"excerpt":{"rendered":"<p>PAMPLONA.- Janik Daniela Jaimes Y\u00e1\u00f1ez, estudiante del programa de Comunicaci\u00f3n Social de la Universidad de Pamplona, extensi\u00f3n Villa del Rosario, representar\u00e1 a la instituci\u00f3n en el III Reinado Binacional Universitario 2014. Las candidatas de la Facultad de Artes y Humanidades buscaron el honor de lucir el cetro y la corona. Jaimes Y\u00e1\u00f1ez recibi\u00f3 la puntuaci\u00f3n &hellip;<\/p>\n","protected":false},"author":1,"featured_media":21879,"comment_status":"open","ping_status":"open","sticky":false,"template":"","format":"standard","meta":{"footnotes":""},"categories":[74,32],"tags":[1465,719,161],"class_list":["post-21878","post","type-post","status-publish","format-standard","has-post-thumbnail","hentry","category-aula-universitaria","category-recorrido-por-la-region","tag-reinado-binacional-universitario","tag-unipamplona","tag-universidad-de-pamplona"],"_links":{"self":[{"href":"https:\/\/contraluzcucuta.co\/index.php?rest_route=\/wp\/v2\/posts\/21878","targetHints":{"allow":["GET"]}}],"collection":[{"href":"https:\/\/contraluzcucuta.co\/index.php?rest_route=\/wp\/v2\/posts"}],"about":[{"href":"https:\/\/contraluzcucuta.co\/index.php?rest_route=\/wp\/v2\/types\/post"}],"author":[{"embeddable":true,"href":"https:\/\/contraluzcucuta.co\/index.php?rest_route=\/wp\/v2\/users\/1"}],"replies":[{"embeddable":true,"href":"https:\/\/contraluzcucuta.co\/index.php?rest_route=%2Fwp%2Fv2%2Fcomments&post=21878"}],"version-history":[{"count":1,"href":"https:\/\/contraluzcucuta.co\/index.php?rest_route=\/wp\/v2\/posts\/21878\/revisions"}],"predecessor-version":[{"id":21880,"href":"https:\/\/contraluzcucuta.co\/index.php?rest_route=\/wp\/v2\/posts\/21878\/revisions\/21880"}],"wp:featuredmedia":[{"embeddable":true,"href":"https:\/\/contraluzcucuta.co\/index.php?rest_route=\/wp\/v2\/media\/21879"}],"wp:attachment":[{"href":"https:\/\/contraluzcucuta.co\/index.php?rest_route=%2Fwp%2Fv2%2Fmedia&parent=21878"}],"wp:term":[{"taxonomy":"category","embeddable":true,"href":"https:\/\/contraluzcucuta.co\/index.php?rest_route=%2Fwp%2Fv2%2Fcategories&post=21878"},{"taxonomy":"post_tag","embeddable":true,"href":"https:\/\/contraluzcucuta.co\/index.php?rest_route=%2Fwp%2Fv2%2Ftags&post=21878"}],"curies":[{"name":"wp","href":"https:\/\/api.w.org\/{rel}","templated":true}]}}