{"id":21875,"date":"2014-06-25T19:05:42","date_gmt":"2014-06-26T00:05:42","guid":{"rendered":"http:\/\/contraluzcucuta.co\/?p=21875"},"modified":"2014-06-26T22:25:32","modified_gmt":"2014-06-27T03:25:32","slug":"area-cultural-entregan-parque-zona-t-y-plazoleta-amelia","status":"publish","type":"post","link":"https:\/\/contraluzcucuta.co\/?p=21875","title":{"rendered":"\u00c1REA CULTURAL. Entregan Parque Zona T y Plazoleta Amelia"},"content":{"rendered":"<p><b style=\"line-height: 1.5em;\">C\u00daCUTA.-<\/b><span style=\"line-height: 1.5em;\"> La Alcald\u00eda de C\u00facuta activar\u00e1, este 26 de junio, el \u00e1rea cultural del Parque Zona T y la Plazoleta Amelia. La obra est\u00e1 frente al centro comercial Ventura. El acto se cumplir\u00e1, a las 7:00 de la noche, como anticipo a la inauguraci\u00f3n del recuperado sector que brinda un nuevo aire a la ciudad.<\/span><\/p>\n<p>El gobierno municipal trabaja en la \u00a0recuperaci\u00f3n y el embellecimiento del espacio urbano. El objetivo es convertirlo en lugar de encuentro y disfrute para los cucute\u00f1os, y en sitio de sano esparcimiento, recreaci\u00f3n y respeto por el medio ambiente.<\/p>\n<p>La noche se llenar\u00e1 de arte, m\u00fasica y cultura durante la entrega del escenario. Habr\u00e1 presentaciones art\u00edsticas alusivas a la Tierra y un musical a cargo del grupo Alfa y Omega.<\/p>\n<p>El parque Zona T y Plazoleta Amelia conectar\u00e1 la entrada del centro comercial a Cielo Abierto con el sector financiero, empresarial, comercial y hotelero de C\u00facuta<\/p>\n<p><b>Puente para el desarrollo<\/b><\/p>\n<p>La Secretar\u00eda de Cultura y Turismo Municipal invit\u00f3 a la comunidad cucute\u00f1a a participar, el primero de julio, en el proceso de construcci\u00f3n de la Pol\u00edtica P\u00fablica de Cultura y Convivencia Ciudadana y el Plan Decenal de Cultura.<\/p>\n<p>El proceso que se adelanta contar\u00e1 con encuentros de trabajo con artistas, acad\u00e9micos, comerciantes, entidades p\u00fablicas y privadas y poblaci\u00f3n. En las reuniones se abordar\u00e1n los problemas y las carencias detectadas en el diagn\u00f3stico efectuado.<\/p>\n<p>El primer encuentro, a las 2:00 de la tarde, \u00a0tendr\u00e1 como tema central las expresiones art\u00edsticas, formaci\u00f3n, creaci\u00f3n, circulaci\u00f3n, investigaci\u00f3n y apropiaci\u00f3n.<\/p>\n<p>La pol\u00edtica p\u00fablica de cultura y convivencia ciudadana permite formular metas para 20 a\u00f1os, mientras que el Plan Decenal busca crear\u00a0 una hoja de ruta a 10 a\u00f1os, en la que quedar\u00e1 plasmada la prioridad en la generaci\u00f3n de programas culturales.<\/p>\n<p>&nbsp; <\/p>\n","protected":false},"excerpt":{"rendered":"<p>C\u00daCUTA.- La Alcald\u00eda de C\u00facuta activar\u00e1, este 26 de junio, el \u00e1rea cultural del Parque Zona T y la Plazoleta Amelia. La obra est\u00e1 frente al centro comercial Ventura. El acto se cumplir\u00e1, a las 7:00 de la noche, como anticipo a la inauguraci\u00f3n del recuperado sector que brinda un nuevo aire a la ciudad. &hellip;<\/p>\n","protected":false},"author":1,"featured_media":21876,"comment_status":"open","ping_status":"open","sticky":false,"template":"","format":"standard","meta":{"footnotes":""},"categories":[6,37],"tags":[1464,1463],"class_list":["post-21875","post","type-post","status-publish","format-standard","has-post-thumbnail","hentry","category-ojo-avizor","category-paseo-cultural","tag-la-plazoleta-amelia","tag-parque-zona-t"],"_links":{"self":[{"href":"https:\/\/contraluzcucuta.co\/index.php?rest_route=\/wp\/v2\/posts\/21875","targetHints":{"allow":["GET"]}}],"collection":[{"href":"https:\/\/contraluzcucuta.co\/index.php?rest_route=\/wp\/v2\/posts"}],"about":[{"href":"https:\/\/contraluzcucuta.co\/index.php?rest_route=\/wp\/v2\/types\/post"}],"author":[{"embeddable":true,"href":"https:\/\/contraluzcucuta.co\/index.php?rest_route=\/wp\/v2\/users\/1"}],"replies":[{"embeddable":true,"href":"https:\/\/contraluzcucuta.co\/index.php?rest_route=%2Fwp%2Fv2%2Fcomments&post=21875"}],"version-history":[{"count":1,"href":"https:\/\/contraluzcucuta.co\/index.php?rest_route=\/wp\/v2\/posts\/21875\/revisions"}],"predecessor-version":[{"id":21877,"href":"https:\/\/contraluzcucuta.co\/index.php?rest_route=\/wp\/v2\/posts\/21875\/revisions\/21877"}],"wp:featuredmedia":[{"embeddable":true,"href":"https:\/\/contraluzcucuta.co\/index.php?rest_route=\/wp\/v2\/media\/21876"}],"wp:attachment":[{"href":"https:\/\/contraluzcucuta.co\/index.php?rest_route=%2Fwp%2Fv2%2Fmedia&parent=21875"}],"wp:term":[{"taxonomy":"category","embeddable":true,"href":"https:\/\/contraluzcucuta.co\/index.php?rest_route=%2Fwp%2Fv2%2Fcategories&post=21875"},{"taxonomy":"post_tag","embeddable":true,"href":"https:\/\/contraluzcucuta.co\/index.php?rest_route=%2Fwp%2Fv2%2Ftags&post=21875"}],"curies":[{"name":"wp","href":"https:\/\/api.w.org\/{rel}","templated":true}]}}