{"id":21862,"date":"2014-06-21T18:08:09","date_gmt":"2014-06-21T23:08:09","guid":{"rendered":"http:\/\/contraluzcucuta.co\/?p=21862"},"modified":"2014-06-25T19:47:20","modified_gmt":"2014-06-26T00:47:20","slug":"fenomeno-el-nino-200-millones-para-prevenir-estragos","status":"publish","type":"post","link":"https:\/\/contraluzcucuta.co\/?p=21862","title":{"rendered":"FEN\u00d3MENO EL NI\u00d1O. $ 200 millones para prevenir estragos"},"content":{"rendered":"<p><b style=\"line-height: 1.5em;\">C\u00daCUTA.-<\/b><span style=\"line-height: 1.5em;\"> El gobierno departamental dispuso de $ 200 millones para atender cualquier emergencia que ocasione el Fen\u00f3meno de El Ni\u00f1o. El\u00a0 Ideam advirti\u00f3 que las altas temperaturas y sequ\u00edas ocurridas en el Oc\u00e9ano Pacifico afectar\u00e1n a Colombia\u00a0 entre julio y septiembre, y podr\u00edan\u00a0 prolongarse hasta enero.<\/span><\/p>\n<p>El Plan de Contingencia dispuesto por el Consejo Departamental para Gesti\u00f3n del Riesgo de Desastres (CDGRD) permitir\u00e1 monitorear y tener\u00a0 respuestas oportunas y eficaces en cada emergencia. El alcance de la fuerza del fen\u00f3meno\u00a0 es sorpresivo.<\/p>\n<p>El gobernador Edgar D\u00edaz inst\u00f3 a los alcaldes a no subestimar ning\u00fan hecho, estar alerta para prevenir situaciones que puedan agravarse e incentivar a las comunidades a poner en marcha acciones para la recolecci\u00f3n de agua, el uso racional del preciado l\u00edquido y el cuidado de humedales y de las\u00a0 cuencas abastecedoras.<\/p>\n<p>Se esperan meses dif\u00edciles, posiblemente, de intenso calor que afectar\u00e1 los caudales de los\u00a0 r\u00edos y el suministro de agua. Colegios, organismos de salud, zonas agr\u00edcolas y ganaderas,\u00a0 y sectores que demanden\u00a0 consumo de grandes cantidades de agua de manera continua deben est\u00e9n alerta y preparados.<\/p>\n<p>Otro riesgo son los incendios forestales. Las comunidades deben abstenerse de botar basura, evitar\u00a0 fogatas,\u00a0 fogones al aire libre y cualquier tipo de quema que pueda desencadenar en conflagraciones, propicias en estas situaciones clim\u00e1ticas.<\/p>\n<p>El Departamento Polic\u00eda Norte de Santander prepara camiones, camionetas, equipo t\u00e9cnico \u2013 humano y todo lo necesario para atender las emergencias. En conjunto con la administraci\u00f3n departamental trabajan en espacios radiales, reuniones con comunidades, aplicaci\u00f3n de\u00a0 comparendos educativos, campa\u00f1as para fomentar la prevenci\u00f3n del fen\u00f3meno natural, que ha causado estragos en diversas regiones del pa\u00eds.<\/p>\n<p>En la mesa de trabajo participaron de los secretarios de Desarrollo Econ\u00f3mico, Agua Potable y\u00a0 Educaci\u00f3n, IDS, Centro Regulador de Urgencias y Emergencias (CRUE), Defensa Civil, Cruz Roja, Bomberos, Polic\u00eda y Ej\u00e9rcito. Los delegados presentaron las capacidades que tienen para contrarrestar los estragos de El Ni\u00f1o.<\/p>\n<p>&nbsp; <\/p>\n","protected":false},"excerpt":{"rendered":"<p>C\u00daCUTA.- El gobierno departamental dispuso de $ 200 millones para atender cualquier emergencia que ocasione el Fen\u00f3meno de El Ni\u00f1o. El\u00a0 Ideam advirti\u00f3 que las altas temperaturas y sequ\u00edas ocurridas en el Oc\u00e9ano Pacifico afectar\u00e1n a Colombia\u00a0 entre julio y septiembre, y podr\u00edan\u00a0 prolongarse hasta enero. El Plan de Contingencia dispuesto por el Consejo Departamental &hellip;<\/p>\n","protected":false},"author":1,"featured_media":21863,"comment_status":"open","ping_status":"open","sticky":false,"template":"","format":"standard","meta":{"footnotes":""},"categories":[556,6],"tags":[395,619],"class_list":["post-21862","post","type-post","status-publish","format-standard","has-post-thumbnail","hentry","category-departamento","category-ojo-avizor","tag-fenomeno-el-nino","tag-norte-de-santander"],"_links":{"self":[{"href":"https:\/\/contraluzcucuta.co\/index.php?rest_route=\/wp\/v2\/posts\/21862","targetHints":{"allow":["GET"]}}],"collection":[{"href":"https:\/\/contraluzcucuta.co\/index.php?rest_route=\/wp\/v2\/posts"}],"about":[{"href":"https:\/\/contraluzcucuta.co\/index.php?rest_route=\/wp\/v2\/types\/post"}],"author":[{"embeddable":true,"href":"https:\/\/contraluzcucuta.co\/index.php?rest_route=\/wp\/v2\/users\/1"}],"replies":[{"embeddable":true,"href":"https:\/\/contraluzcucuta.co\/index.php?rest_route=%2Fwp%2Fv2%2Fcomments&post=21862"}],"version-history":[{"count":1,"href":"https:\/\/contraluzcucuta.co\/index.php?rest_route=\/wp\/v2\/posts\/21862\/revisions"}],"predecessor-version":[{"id":21864,"href":"https:\/\/contraluzcucuta.co\/index.php?rest_route=\/wp\/v2\/posts\/21862\/revisions\/21864"}],"wp:featuredmedia":[{"embeddable":true,"href":"https:\/\/contraluzcucuta.co\/index.php?rest_route=\/wp\/v2\/media\/21863"}],"wp:attachment":[{"href":"https:\/\/contraluzcucuta.co\/index.php?rest_route=%2Fwp%2Fv2%2Fmedia&parent=21862"}],"wp:term":[{"taxonomy":"category","embeddable":true,"href":"https:\/\/contraluzcucuta.co\/index.php?rest_route=%2Fwp%2Fv2%2Fcategories&post=21862"},{"taxonomy":"post_tag","embeddable":true,"href":"https:\/\/contraluzcucuta.co\/index.php?rest_route=%2Fwp%2Fv2%2Ftags&post=21862"}],"curies":[{"name":"wp","href":"https:\/\/api.w.org\/{rel}","templated":true}]}}