{"id":21846,"date":"2014-06-16T19:09:36","date_gmt":"2014-06-17T00:09:36","guid":{"rendered":"http:\/\/contraluzcucuta.co\/?p=21846"},"modified":"2014-06-21T18:36:30","modified_gmt":"2014-06-21T23:36:30","slug":"paseo-rojo-y-negro-el-resurgir-de-la-ciudadela-juan-atalaya","status":"publish","type":"post","link":"https:\/\/contraluzcucuta.co\/?p=21846","title":{"rendered":"PASEO ROJO Y NEGRO. El resurgir de la Ciudadela Juan Atalaya"},"content":{"rendered":"<p><b style=\"line-height: 1.5em;\">C\u00daCUTA.-<\/b><span style=\"line-height: 1.5em;\"> Debido al mal estado en que se encontrada el Paseo Rojo y Negro, en la ciudadela Juan Atalaya, en el\u00a0 2009 empez\u00f3 a gestionarse la remodelaci\u00f3n y en el 2013 se aprobaron los recursos.<\/span><\/p>\n<p>El Departamento para la Prosperidad Social aprob\u00f3 $ 4950 millones, y la Gobernaci\u00f3n aport\u00f3 $ 150 millones, para un total de $ 5100 millones. La obra es administrada por el Fondo Nacional de Desarrollo (Fonade). El contrato inici\u00f3 en diciembre.<\/p>\n<p>Los trabajos en el Paseo buscan el\u00a0 cambio estructural de la autopista, entrada y salida hacia los Pueblos de Occidente, El Catatumbo, Oca\u00f1a, Sardinata y la Costa Atl\u00e1ntica.<\/p>\n<p>El trabajo estuvo dividido en dos etapas:<\/p>\n<p>1.- Verificaci\u00f3n t\u00e9cnica. Debido a la complejidad se extendi\u00f3 a dos meses. Terminado\u00a0 el estudio y verificaci\u00f3n de la necesidad que ten\u00eda la ciudadela Juan Atalaya, se iniciaron las obras en febrero de 2014.<\/p>\n<p>2.- Reestructuraci\u00f3n de nueve manzanas con el objetivo de implementar amplios senderos peatonales, arborizaci\u00f3n, mobiliario urbano, puntos ecol\u00f3gicos, bancas, parques infantiles, ciclorruta e iluminaci\u00f3n adecuada y moderna.<\/p>\n<p>\u201cSe va a hacer intervenci\u00f3n en la movilidad y espacio p\u00fablico, y se les va a brindar a los habitantes de las comunas 7 y 8 algo parecido a El Malec\u00f3n\u201d, dijo Jaime Tenjo, ingeniero supervisor de la obra.<\/p>\n<p>Al inicio se estipul\u00f3 un tiempo de siete meses para la terminaci\u00f3n del Paseo Rojo y Negro. Actualmente, se solicita pr\u00f3rroga de dos meses para terminarla, debido a la ocupaci\u00f3n ilegal del espacio p\u00fablico.<\/p>\n<p>Algunos vendedores\u00a0 ambulantes de la zona no estuvieron de acuerdo con la \u00a0remodelaci\u00f3n, porque afectar\u00eda la econom\u00eda del hogar. Por lo cual se hizo la gesti\u00f3n con las secretar\u00edas de Planeaci\u00f3n y de Gobierno del Municipio para llegar a un acuerdo con los habitantes.<\/p>\n<p>Se estableci\u00f3 el plan de acci\u00f3n de la Alcald\u00eda y la Gobernaci\u00f3n con los contratistas para brindarles un espacio digno de trabajo que no contraste con la intervenci\u00f3n en el Paseo.<\/p>\n<p>En Natilan se tiene previsto implementar una plazoleta de comidas con la intenci\u00f3n de mejorar la imagen y el comercio de la ciudadela; adem\u00e1s, para brindar un espacio saludable a ciudadanos y vendedores.<\/p>\n<p>La obra no inici\u00f3 en la glorieta de Los Vientos, porque la Gobernaci\u00f3n tiene aprobados $ 30.000 millones para el intercambiador vial. Las \u2018orejas\u2019 del puente podr\u00edan demoler parte de las dos primeras manzanas de cada costado. Por lo cual no se han intervenido otras cuatro.<\/p>\n<p>\u201cCualquier construcci\u00f3n en esa zona ser\u00eda dinero perdido, por lo cual se esperar\u00e1 la ejecuci\u00f3n y terminaci\u00f3n del intercambiador para iniciar la finalizaci\u00f3n del sendero\u201d, dijo Tenjo, ingeniero supervisor.<\/p>\n<p><b>CLAUDIA VESGA SILVA<\/b><\/p>\n<p><a href=\"mailto:claudiavesgasilva@gmail.com\">claudiavesgasilva@gmail.com<\/a><\/p>\n<p>&nbsp; <\/p>\n","protected":false},"excerpt":{"rendered":"<p>C\u00daCUTA.- Debido al mal estado en que se encontrada el Paseo Rojo y Negro, en la ciudadela Juan Atalaya, en el\u00a0 2009 empez\u00f3 a gestionarse la remodelaci\u00f3n y en el 2013 se aprobaron los recursos. El Departamento para la Prosperidad Social aprob\u00f3 $ 4950 millones, y la Gobernaci\u00f3n aport\u00f3 $ 150 millones, para un total &hellip;<\/p>\n","protected":false},"author":1,"featured_media":21847,"comment_status":"open","ping_status":"open","sticky":false,"template":"","format":"standard","meta":{"footnotes":""},"categories":[10,6],"tags":[1454,1453],"class_list":["post-21846","post","type-post","status-publish","format-standard","has-post-thumbnail","hentry","category-cronicas","category-ojo-avizor","tag-ciudadela-juan-atalaya","tag-paseo-rojo-y-negro"],"_links":{"self":[{"href":"https:\/\/contraluzcucuta.co\/index.php?rest_route=\/wp\/v2\/posts\/21846","targetHints":{"allow":["GET"]}}],"collection":[{"href":"https:\/\/contraluzcucuta.co\/index.php?rest_route=\/wp\/v2\/posts"}],"about":[{"href":"https:\/\/contraluzcucuta.co\/index.php?rest_route=\/wp\/v2\/types\/post"}],"author":[{"embeddable":true,"href":"https:\/\/contraluzcucuta.co\/index.php?rest_route=\/wp\/v2\/users\/1"}],"replies":[{"embeddable":true,"href":"https:\/\/contraluzcucuta.co\/index.php?rest_route=%2Fwp%2Fv2%2Fcomments&post=21846"}],"version-history":[{"count":1,"href":"https:\/\/contraluzcucuta.co\/index.php?rest_route=\/wp\/v2\/posts\/21846\/revisions"}],"predecessor-version":[{"id":21848,"href":"https:\/\/contraluzcucuta.co\/index.php?rest_route=\/wp\/v2\/posts\/21846\/revisions\/21848"}],"wp:featuredmedia":[{"embeddable":true,"href":"https:\/\/contraluzcucuta.co\/index.php?rest_route=\/wp\/v2\/media\/21847"}],"wp:attachment":[{"href":"https:\/\/contraluzcucuta.co\/index.php?rest_route=%2Fwp%2Fv2%2Fmedia&parent=21846"}],"wp:term":[{"taxonomy":"category","embeddable":true,"href":"https:\/\/contraluzcucuta.co\/index.php?rest_route=%2Fwp%2Fv2%2Fcategories&post=21846"},{"taxonomy":"post_tag","embeddable":true,"href":"https:\/\/contraluzcucuta.co\/index.php?rest_route=%2Fwp%2Fv2%2Ftags&post=21846"}],"curies":[{"name":"wp","href":"https:\/\/api.w.org\/{rel}","templated":true}]}}