{"id":21843,"date":"2014-06-16T18:34:33","date_gmt":"2014-06-16T23:34:33","guid":{"rendered":"http:\/\/contraluzcucuta.co\/?p=21843"},"modified":"2014-06-21T18:37:25","modified_gmt":"2014-06-21T23:37:25","slug":"obispo-de-cucuta-colombia-necesita-unidad","status":"publish","type":"post","link":"https:\/\/contraluzcucuta.co\/?p=21843","title":{"rendered":"OBISPO DE C\u00daCUTA. \u201cColombia necesita unidad\u201d"},"content":{"rendered":"<p><span style=\"line-height: 1.5em;\">C\u00daCUTA.- Monse\u00f1or Julio C\u00e9sar Vidal Ortiz, obispo de la Di\u00f3cesis de C\u00facuta, felicit\u00f3 a los colombianos por ejercer el derecho al voto, el 15 de junio para elegir presidente de la rep\u00fablica, y dese\u00f3 lo mejor al ganador de los comicios Juan Manuel Santos.<\/span><\/p>\n<p>\u201cDeseamos que el Esp\u00edritu del Se\u00f1or lo llene y fortalezca para que realmente pueda concluir todo este proceso de paz, que no consiste solo en la desmovilizaci\u00f3n de los grupos armados sino tambi\u00e9n en la justicia social, en la educaci\u00f3n, la atenci\u00f3n al agro, la atenci\u00f3n a la salud\u201d, dijo el prelado.<\/p>\n<p>Ante las tensiones pol\u00edticas entre los partidos, el jerarca cat\u00f3lico hizo un llamado a la unidad. \u201cHay una franja de colombianos que han perdido la credibilidad y la esperanza debido a muchas circunstancias, sobre todo a esa confrontaci\u00f3n entre los dirigentes, por eso pedimos la unidad\u201d.<\/p>\n<p>Indic\u00f3 que Colombia necesita luchar contra la corrupci\u00f3n, la pobreza y todo lo negativo. Pidi\u00f3 jalonar al pa\u00eds hacia adelante para que \u201ctengamos una Colombia m\u00e1s equitativa, donde las necesidades b\u00e1sicas sean atendidas a todos los colombianos en armon\u00eda; que se respete la opini\u00f3n de las personas y juntos construyamos la reconciliaci\u00f3n y la paz\u201d.<\/p>\n<p>Frente al papel que juega la Iglesia Cat\u00f3lica en el camino recorrido en b\u00fasqueda de la paz el obispo de C\u00facuta expres\u00f3 que \u201ccontinuar\u00e1 haciendo lo que siempre ha hecho, apoyar lo que sea en beneficio del hombre, apoyar a los necesitados, a los marginados, a los pobres y mantener una voz cr\u00edtica\u201d.<\/p>\n<p>Dijo que coadyuvar\u00e1n para que haya un buen gobierno y que frente a las \u00a0acciones es mucho lo que hay que hacer. \u201cHay que luchar de frente contra la corrupci\u00f3n, por ejemplo el dinero que debe llegar a los m\u00e1s pobres para salud y educaci\u00f3n, no se puede quedar en particulares\u201d.<\/p>\n<p><b>Semana de la Familia <\/b><\/p>\n<p>\u201cEl abrazo en familia, un aporte para la paz\u201d es el lema con el que la Comisi\u00f3n<\/p>\n<p>Diocesana de Pastoral Familiar, en el contexto de la propuesta nacional para la celebraci\u00f3n del tiempo de familia, llevar\u00e1 a cabo del 15 al 21 de junio la Semana de la Familia.<\/p>\n<p>Recordar la importancia de la familia como ejemplo de vida, su rol en el proceso de paz y hacer un llamado \u201ca volver nuestros ojos y coraz\u00f3n hacia ella, fuente de amor, reconciliaci\u00f3n y paz\u201d, es el objetivo de esta jornada en la que se invita de manera especial a recuperar la pr\u00e1ctica del abrazo como un aporte a la paz, una costumbre que fortalece, anima y llena de amor.<\/p>\n<p>\u201cQue todas las familias sean una unidad en ese mismo amor, un solo esp\u00edritu, una sola comuni\u00f3n. Volvamos a descubrir que la familia que Dios nos dio es la \u00fanica y la m\u00e1s bella, la m\u00e1s hermosa de la vida, no hay como mi familia, la que cada uno tiene\u201d, dijo el padre Jos\u00e9 Le\u00f3nidas Cristancho, delegado de Pastoral Familiar Diocesana.<\/p>\n<p>&nbsp;<\/p>\n<p>&nbsp; <\/p>\n","protected":false},"excerpt":{"rendered":"<p>C\u00daCUTA.- Monse\u00f1or Julio C\u00e9sar Vidal Ortiz, obispo de la Di\u00f3cesis de C\u00facuta, felicit\u00f3 a los colombianos por ejercer el derecho al voto, el 15 de junio para elegir presidente de la rep\u00fablica, y dese\u00f3 lo mejor al ganador de los comicios Juan Manuel Santos. \u201cDeseamos que el Esp\u00edritu del Se\u00f1or lo llene y fortalezca para &hellip;<\/p>\n","protected":false},"author":1,"featured_media":21844,"comment_status":"open","ping_status":"open","sticky":false,"template":"","format":"standard","meta":{"footnotes":""},"categories":[541,32],"tags":[8,191],"class_list":["post-21843","post","type-post","status-publish","format-standard","has-post-thumbnail","hentry","category-ciudad","category-recorrido-por-la-region","tag-diocesis-de-cucuta","tag-monsenor-julio-cesar-vidal"],"_links":{"self":[{"href":"https:\/\/contraluzcucuta.co\/index.php?rest_route=\/wp\/v2\/posts\/21843","targetHints":{"allow":["GET"]}}],"collection":[{"href":"https:\/\/contraluzcucuta.co\/index.php?rest_route=\/wp\/v2\/posts"}],"about":[{"href":"https:\/\/contraluzcucuta.co\/index.php?rest_route=\/wp\/v2\/types\/post"}],"author":[{"embeddable":true,"href":"https:\/\/contraluzcucuta.co\/index.php?rest_route=\/wp\/v2\/users\/1"}],"replies":[{"embeddable":true,"href":"https:\/\/contraluzcucuta.co\/index.php?rest_route=%2Fwp%2Fv2%2Fcomments&post=21843"}],"version-history":[{"count":1,"href":"https:\/\/contraluzcucuta.co\/index.php?rest_route=\/wp\/v2\/posts\/21843\/revisions"}],"predecessor-version":[{"id":21845,"href":"https:\/\/contraluzcucuta.co\/index.php?rest_route=\/wp\/v2\/posts\/21843\/revisions\/21845"}],"wp:featuredmedia":[{"embeddable":true,"href":"https:\/\/contraluzcucuta.co\/index.php?rest_route=\/wp\/v2\/media\/21844"}],"wp:attachment":[{"href":"https:\/\/contraluzcucuta.co\/index.php?rest_route=%2Fwp%2Fv2%2Fmedia&parent=21843"}],"wp:term":[{"taxonomy":"category","embeddable":true,"href":"https:\/\/contraluzcucuta.co\/index.php?rest_route=%2Fwp%2Fv2%2Fcategories&post=21843"},{"taxonomy":"post_tag","embeddable":true,"href":"https:\/\/contraluzcucuta.co\/index.php?rest_route=%2Fwp%2Fv2%2Ftags&post=21843"}],"curies":[{"name":"wp","href":"https:\/\/api.w.org\/{rel}","templated":true}]}}