{"id":21831,"date":"2014-06-15T21:27:40","date_gmt":"2014-06-16T02:27:40","guid":{"rendered":"http:\/\/contraluzcucuta.co\/?p=21831"},"modified":"2014-06-16T20:29:58","modified_gmt":"2014-06-17T01:29:58","slug":"acto-cultural-binacional-abrebocas-al-cumpleanos-281-de-cucuta","status":"publish","type":"post","link":"https:\/\/contraluzcucuta.co\/?p=21831","title":{"rendered":"ACTO CULTURAL BINACIONAL. Abrebocas al cumplea\u00f1os 281 de C\u00facuta"},"content":{"rendered":"<p><b style=\"line-height: 1.5em;\">C\u00daCUTA.-<\/b><span style=\"line-height: 1.5em;\"> Artistas cucute\u00f1os alternaron con m\u00fasicos, bailarines y cantantes tachirenses en el acto cultural binacional, presentado por la Alcald\u00eda de C\u00facuta como pre\u00e1mbulo a la conmemoraci\u00f3n de los 281 a\u00f1os de fundaci\u00f3n de la ciudad, el 18 de junio.<\/span><\/p>\n<p>El talento aportado por la Direcci\u00f3n Cultural del Estado T\u00e1chira (Rep\u00fablica Bolivariana de Venezuela) volver\u00e1 a verse, el 16 de junio, en el Teatro Zulima y el cierre ser\u00e1, el 17, en el Teatro de Las Cascadas, de El Malec\u00f3n, a las 7:00 de la noche.<\/p>\n<p>Representantes de los gremios, magistrados, jueces, profesionales de diferentes \u00e1reas y ciudadanos asistieron al acto. El alcalde Donamaris Ram\u00edrez se refiri\u00f3 a C\u00facuta como una ciudad de oportunidades y destac\u00f3 que debe entenderse la frontera como punto de uni\u00f3n para el desarrollo. Dentro de 19 a\u00f1os el municipio cumplir\u00e1 tres siglos de fundado.<\/p>\n<p>Algunas de las inversiones pr\u00f3ximas para la capital del departamento son:<\/p>\n<p>1.- Remodelaci\u00f3n del centro comercial \u00c9xito, en inmediaciones de la glorieta Carlos Ram\u00edrez Par\u00eds. En el \u00e1rea de cines se construir\u00e1n tres pisos y en el almac\u00e9n se levantar\u00e1n 10 cinemas<\/p>\n<p>2.- Ampliaci\u00f3n de Unicentro<\/p>\n<p>3.- Proyecto de vivienda de la constructora Amarilo<\/p>\n<p>4.- Inversi\u00f3n de empresarios portugueses en el sector de La Gazapa.<\/p>\n<p>La apertura de la programaci\u00f3n musical estuvo a cargo de la Sinf\u00f3nica de Fundarte (Fundaci\u00f3n Art\u00edstica y Cultural ONG), apoyada por la Alcald\u00eda de C\u00facuta, interpret\u00f3 los himnos, el bambuco Brisas del Pamplonita, del maestro El\u00edas M. Soto, y el pasodoble C\u00facuta, del poeta Jos\u00e9 Luis Villamizar Melo y m\u00fasica del maestro Manuel Alvarado.<\/p>\n<p>El grupo de danza Somos Arte hizo un recorrido por el bambuco nortesantandereano, que se baila zapateado, a diferencia de otras regiones del pa\u00eds, y deleit\u00f3 al p\u00fablico con Oca\u00f1erita y Brisas del Pamplonita.<\/p>\n<p>El tenor colombiano Gabriel \u00c1ngel Ru\u00edz encant\u00f3 a los asistentes con la versi\u00f3n en espa\u00f1ol de Frank Sinatra, A mi manera; Cuando me enamoro, de Andrea Bocelli; Volare y New York New York.<\/p>\n<p>Los Ni\u00f1os Cantores del T\u00e1chira \u00a0sorprendieron a los espectadores con el himno nacional de Colombia, luego con el \u201cGloria al bravo pueblo\u201d en lengua Wayu e interpretaciones como la Mam\u00e1 del Arco Iris y c\u00e1nticos ind\u00edgenas.<\/p>\n<p>Los acordes de la Banda Oficial de Conciertos \u2018Marco Antonio Rivera Useche\u2019 hicieron vibrar a la audiencia luego de la intervenci\u00f3n del guitarrista flamenco \u2018El Gato\u2019.\u00a0 El grupo de m\u00fasicos acompa\u00f1\u00f3 al tenor Gregory Pino en la interpretaci\u00f3n de los pasodoble San Crist\u00f3bal y Desesperanza, y del bolero de Felipe Pirela \u00danicamente t\u00fa.<\/p>\n<p>La banda Oficial cerr\u00f3 la presentaci\u00f3n con el pasillo Hurac\u00e1n, del maestro Lucho Berm\u00fadez, y Brisas del Pamplonita, que dio paso a la entrega de arreglos florales por parte de las integrantes del Coro de Ni\u00f1os Cantores del T\u00e1chira.<\/p>\n<p>&nbsp;<\/p>\n<p>&nbsp; <\/p>\n","protected":false},"excerpt":{"rendered":"<p>C\u00daCUTA.- Artistas cucute\u00f1os alternaron con m\u00fasicos, bailarines y cantantes tachirenses en el acto cultural binacional, presentado por la Alcald\u00eda de C\u00facuta como pre\u00e1mbulo a la conmemoraci\u00f3n de los 281 a\u00f1os de fundaci\u00f3n de la ciudad, el 18 de junio. El talento aportado por la Direcci\u00f3n Cultural del Estado T\u00e1chira (Rep\u00fablica Bolivariana de Venezuela) volver\u00e1 a &hellip;<\/p>\n","protected":false},"author":1,"featured_media":21832,"comment_status":"open","ping_status":"open","sticky":false,"template":"","format":"standard","meta":{"footnotes":""},"categories":[45,37],"tags":[1449],"class_list":["post-21831","post","type-post","status-publish","format-standard","has-post-thumbnail","hentry","category-destacado","category-paseo-cultural","tag-cumpleanos-de-cucuta"],"_links":{"self":[{"href":"https:\/\/contraluzcucuta.co\/index.php?rest_route=\/wp\/v2\/posts\/21831","targetHints":{"allow":["GET"]}}],"collection":[{"href":"https:\/\/contraluzcucuta.co\/index.php?rest_route=\/wp\/v2\/posts"}],"about":[{"href":"https:\/\/contraluzcucuta.co\/index.php?rest_route=\/wp\/v2\/types\/post"}],"author":[{"embeddable":true,"href":"https:\/\/contraluzcucuta.co\/index.php?rest_route=\/wp\/v2\/users\/1"}],"replies":[{"embeddable":true,"href":"https:\/\/contraluzcucuta.co\/index.php?rest_route=%2Fwp%2Fv2%2Fcomments&post=21831"}],"version-history":[{"count":1,"href":"https:\/\/contraluzcucuta.co\/index.php?rest_route=\/wp\/v2\/posts\/21831\/revisions"}],"predecessor-version":[{"id":21833,"href":"https:\/\/contraluzcucuta.co\/index.php?rest_route=\/wp\/v2\/posts\/21831\/revisions\/21833"}],"wp:featuredmedia":[{"embeddable":true,"href":"https:\/\/contraluzcucuta.co\/index.php?rest_route=\/wp\/v2\/media\/21832"}],"wp:attachment":[{"href":"https:\/\/contraluzcucuta.co\/index.php?rest_route=%2Fwp%2Fv2%2Fmedia&parent=21831"}],"wp:term":[{"taxonomy":"category","embeddable":true,"href":"https:\/\/contraluzcucuta.co\/index.php?rest_route=%2Fwp%2Fv2%2Fcategories&post=21831"},{"taxonomy":"post_tag","embeddable":true,"href":"https:\/\/contraluzcucuta.co\/index.php?rest_route=%2Fwp%2Fv2%2Ftags&post=21831"}],"curies":[{"name":"wp","href":"https:\/\/api.w.org\/{rel}","templated":true}]}}