{"id":21828,"date":"2014-06-15T20:48:43","date_gmt":"2014-06-16T01:48:43","guid":{"rendered":"http:\/\/contraluzcucuta.co\/?p=21828"},"modified":"2014-06-16T20:31:24","modified_gmt":"2014-06-17T01:31:24","slug":"segunda-vuelta-normalidad-en-norte-de-santander","status":"publish","type":"post","link":"https:\/\/contraluzcucuta.co\/?p=21828","title":{"rendered":"SEGUNDA VUELTA. Normalidad en Norte de Santander"},"content":{"rendered":"<p><b style=\"line-height: 1.5em;\">C\u00daCUTA.-<\/b><span style=\"line-height: 1.5em;\"> Los nortesantandereanos salieron a votar, este 15 de junio, por el candidato de su preferencia para elegir al Presidente de la Rep\u00fablica que regir\u00e1 los destinos del pa\u00eds en el periodo 2014-2018.<\/span><\/p>\n<p>El gobernador Edgar D\u00edaz Contreras se\u00f1al\u00f3 que en las sesiones de los Comit\u00e9s de Seguimiento Electoral se preve\u00eda que las elecciones trascurrir\u00edan sin problema en Norte de Santander.<\/p>\n<p>En los Comit\u00e9s participaron representantes de las autoridades judiciales y de los partidos pol\u00edticos. No hubo denuncias sobre corrupci\u00f3n o hechos que pusieran en riesgo las elecciones. Esa situaci\u00f3n \u201cnos indicaba que todo estar\u00eda en perfecto estado\u201d, dijo el jefe de la administraci\u00f3n seccional.<\/p>\n<p>El abstencionismo en el departamento baj\u00f3 en comparaci\u00f3n con los comicios del 25 de mayo. En esa oportunidad se lleg\u00f3 al 63 por ciento y en esta ocasi\u00f3n alcanz\u00f3 el 54 por ciento.<\/p>\n<p>D\u00edaz Contreras envi\u00f3 un mensaje de felicitaci\u00f3n al presidente Juan Manuel Santos, vencedor en la contienda electoral. Extendi\u00f3 el apoyo para trabajar en beneficio de la regi\u00f3n y del pa\u00eds.<\/p>\n<p>En el departamento hubo 16.180 votos en blanco, 11.381 votos nulos y 1544 no marcados. El potencial de votantes era de 1\u2019051.248 ciudadanos.<\/p>\n<p>En la ma\u00f1ana, el gobernador Edgar D\u00edaz presidi\u00f3 el acto de instalaci\u00f3n de las elecciones, en el colegio Salesiano. En el departamento hab\u00eda dispuestas \u00a02279 mesas para sufragar, en los 40 municipios.<\/p>\n<p>En la jornada de apertura participaron el coronel \u00c1lvaro Pico Malaver, director nacional de las Escuelas de la Polic\u00eda; Nohora Oliveros Quintero, secretaria de Gobierno Departamental; Henry Peralta, delegado para Norte de Santander de la Registradur\u00eda; coronel Eli\u00e9cer Camacho Jim\u00e9nez, comandante Polic\u00eda Norte de Santander, y Donamaris Ram\u00edrez Paris, alcalde de C\u00facuta.<\/p>\n<p>&nbsp;<\/p>\n<p>&nbsp; <\/p>\n","protected":false},"excerpt":{"rendered":"<p>C\u00daCUTA.- Los nortesantandereanos salieron a votar, este 15 de junio, por el candidato de su preferencia para elegir al Presidente de la Rep\u00fablica que regir\u00e1 los destinos del pa\u00eds en el periodo 2014-2018. El gobernador Edgar D\u00edaz Contreras se\u00f1al\u00f3 que en las sesiones de los Comit\u00e9s de Seguimiento Electoral se preve\u00eda que las elecciones trascurrir\u00edan &hellip;<\/p>\n","protected":false},"author":1,"featured_media":21829,"comment_status":"open","ping_status":"open","sticky":false,"template":"","format":"standard","meta":{"footnotes":""},"categories":[9],"tags":[1099,243,1448],"class_list":["post-21828","post","type-post","status-publish","format-standard","has-post-thumbnail","hentry","category-politica","tag-elecciones-2014","tag-gobernador-edgar-diaz","tag-segunda-vuelta-presidencial"],"_links":{"self":[{"href":"https:\/\/contraluzcucuta.co\/index.php?rest_route=\/wp\/v2\/posts\/21828","targetHints":{"allow":["GET"]}}],"collection":[{"href":"https:\/\/contraluzcucuta.co\/index.php?rest_route=\/wp\/v2\/posts"}],"about":[{"href":"https:\/\/contraluzcucuta.co\/index.php?rest_route=\/wp\/v2\/types\/post"}],"author":[{"embeddable":true,"href":"https:\/\/contraluzcucuta.co\/index.php?rest_route=\/wp\/v2\/users\/1"}],"replies":[{"embeddable":true,"href":"https:\/\/contraluzcucuta.co\/index.php?rest_route=%2Fwp%2Fv2%2Fcomments&post=21828"}],"version-history":[{"count":1,"href":"https:\/\/contraluzcucuta.co\/index.php?rest_route=\/wp\/v2\/posts\/21828\/revisions"}],"predecessor-version":[{"id":21830,"href":"https:\/\/contraluzcucuta.co\/index.php?rest_route=\/wp\/v2\/posts\/21828\/revisions\/21830"}],"wp:featuredmedia":[{"embeddable":true,"href":"https:\/\/contraluzcucuta.co\/index.php?rest_route=\/wp\/v2\/media\/21829"}],"wp:attachment":[{"href":"https:\/\/contraluzcucuta.co\/index.php?rest_route=%2Fwp%2Fv2%2Fmedia&parent=21828"}],"wp:term":[{"taxonomy":"category","embeddable":true,"href":"https:\/\/contraluzcucuta.co\/index.php?rest_route=%2Fwp%2Fv2%2Fcategories&post=21828"},{"taxonomy":"post_tag","embeddable":true,"href":"https:\/\/contraluzcucuta.co\/index.php?rest_route=%2Fwp%2Fv2%2Ftags&post=21828"}],"curies":[{"name":"wp","href":"https:\/\/api.w.org\/{rel}","templated":true}]}}