{"id":21764,"date":"2014-06-02T21:00:11","date_gmt":"2014-06-03T02:00:11","guid":{"rendered":"http:\/\/contraluzcucuta.co\/?p=21764"},"modified":"2014-06-03T22:38:19","modified_gmt":"2014-06-04T03:38:19","slug":"conflicto-armado-acompanamiento-a-victimas-en-siete-municipios","status":"publish","type":"post","link":"https:\/\/contraluzcucuta.co\/?p=21764","title":{"rendered":"CONFLICTO ARMADO. Acompa\u00f1amiento a v\u00edctimas en siete municipios"},"content":{"rendered":"<p><span style=\"line-height: 1.5em;\">C\u00daCUTA.- Iniciativas productivas, tur\u00edsticas, culturales y sicosociales surgieron luego de la labor desarrollada por equipos de apoyo a v\u00edctimas del conflicto armado en Norte de Santander. El Proyecto de Inclusi\u00f3n Social con Enfoque Psicosocial (Isep) es promovido por el Ministerio de Salud y Protecci\u00f3n Social, el Instituto Departamental de Salud y el Secretariado Nacional de Pastoral Social.<\/span><\/p>\n<p>El cierre regional del proyecto, en Oca\u00f1a, permiti\u00f3 la presentaci\u00f3n de las acciones trasversales de sensibilizaci\u00f3n, construcci\u00f3n de sociedad, desarrollo de capacidades e iniciativas de inclusi\u00f3n.<\/p>\n<p>A la actividad se vincularon organizaciones de mujeres, j\u00f3venes y asociaciones de v\u00edctimas, hogares juveniles campesinos, comit\u00e9s ecol\u00f3gicos y peque\u00f1os madereros. Tuvieron apoyo de alcaldes, enlaces de atenci\u00f3n a v\u00edctimas, secretarios de Gobierno, directores de Desarrollo Comunitario y coordinadores de Salud P\u00fablica.<\/p>\n<p>Veinti\u00fan organizaciones sociales y comunitarias de Hacar\u00ed, San Calixto, Teorama, Convenci\u00f3n, Sardinata, El Tarra y Tib\u00fa (corregimiento La Gabarra) recibieron acompa\u00f1amiento sicosocial con la iniciativa.<\/p>\n<p>El proyecto resume esfuerzos conjuntos para impulsar y promover procesos locales de inclusi\u00f3n social con enfoque sicosocial, con las v\u00edctimas de violencia del conflicto armado, en confinamiento, en riesgo o en situaci\u00f3n de desplazamiento forzado, en \u00e1reas rural y urbana.<\/p>\n<p>En el 2014, en la fase final, el equipo regional se centr\u00f3 en:<\/p>\n<p>1.- Fortalecer las alianzas institucionales para la atenci\u00f3n en Red<\/p>\n<p>2.- Ampliar la articulaci\u00f3n de entidades para generar oferta para los beneficiarios<\/p>\n<p>3.- Desarrollar nuevos encuentros de Intercambio de experiencias sicosociales comunidad\/Institucionalidad<\/p>\n<p>4.- Fortalecer la capacidad de incidencia de los l\u00edderes para la exigibilidad de los derechos y la visibilizaci\u00f3n en espacios de decisi\u00f3n.<\/p>\n<p>Las acciones de acompa\u00f1amiento a v\u00edctimas en Norte de Santander no terminan con el cierre del Isep, como territorio se impulsa el Programa de Atenci\u00f3n Psicosocial y Salud Integral a v\u00edctimas del conflicto armado (Papsivi) promovido por la Organizaci\u00f3n Internacional para las Migraciones (OIM). El Ministerio de Salud y Protecci\u00f3n Social garantiza equipos t\u00e9cnicos capacitados para brindar acompa\u00f1amiento directo a ni\u00f1os, j\u00f3venes, mujeres y adultos mayores v\u00edctimas del conflicto.<\/p>\n<p>&nbsp;<\/p>\n<p>Mediante la Mesa T\u00e9cnica de Atenci\u00f3n en Salud y el Subcomit\u00e9 de medidas de rehabilitaci\u00f3n las entidades que abordan el tema asumen la responsabilidad de trabajar articuladamente para buscar que la oferta institucional sea oportuna y garantice la reparaci\u00f3n integral.<\/p>\n<p>&nbsp;<\/p>\n<p>&nbsp; <\/p>\n","protected":false},"excerpt":{"rendered":"<p>C\u00daCUTA.- Iniciativas productivas, tur\u00edsticas, culturales y sicosociales surgieron luego de la labor desarrollada por equipos de apoyo a v\u00edctimas del conflicto armado en Norte de Santander. El Proyecto de Inclusi\u00f3n Social con Enfoque Psicosocial (Isep) es promovido por el Ministerio de Salud y Protecci\u00f3n Social, el Instituto Departamental de Salud y el Secretariado Nacional de &hellip;<\/p>\n","protected":false},"author":1,"featured_media":21765,"comment_status":"open","ping_status":"open","sticky":false,"template":"","format":"standard","meta":{"footnotes":""},"categories":[5,32],"tags":[1438,295],"class_list":["post-21764","post","type-post","status-publish","format-standard","has-post-thumbnail","hentry","category-justicia-transicional","category-recorrido-por-la-region","tag-conflicto-armado-en-colombia","tag-victimas-del-conflicto"],"_links":{"self":[{"href":"https:\/\/contraluzcucuta.co\/index.php?rest_route=\/wp\/v2\/posts\/21764","targetHints":{"allow":["GET"]}}],"collection":[{"href":"https:\/\/contraluzcucuta.co\/index.php?rest_route=\/wp\/v2\/posts"}],"about":[{"href":"https:\/\/contraluzcucuta.co\/index.php?rest_route=\/wp\/v2\/types\/post"}],"author":[{"embeddable":true,"href":"https:\/\/contraluzcucuta.co\/index.php?rest_route=\/wp\/v2\/users\/1"}],"replies":[{"embeddable":true,"href":"https:\/\/contraluzcucuta.co\/index.php?rest_route=%2Fwp%2Fv2%2Fcomments&post=21764"}],"version-history":[{"count":1,"href":"https:\/\/contraluzcucuta.co\/index.php?rest_route=\/wp\/v2\/posts\/21764\/revisions"}],"predecessor-version":[{"id":21766,"href":"https:\/\/contraluzcucuta.co\/index.php?rest_route=\/wp\/v2\/posts\/21764\/revisions\/21766"}],"wp:featuredmedia":[{"embeddable":true,"href":"https:\/\/contraluzcucuta.co\/index.php?rest_route=\/wp\/v2\/media\/21765"}],"wp:attachment":[{"href":"https:\/\/contraluzcucuta.co\/index.php?rest_route=%2Fwp%2Fv2%2Fmedia&parent=21764"}],"wp:term":[{"taxonomy":"category","embeddable":true,"href":"https:\/\/contraluzcucuta.co\/index.php?rest_route=%2Fwp%2Fv2%2Fcategories&post=21764"},{"taxonomy":"post_tag","embeddable":true,"href":"https:\/\/contraluzcucuta.co\/index.php?rest_route=%2Fwp%2Fv2%2Ftags&post=21764"}],"curies":[{"name":"wp","href":"https:\/\/api.w.org\/{rel}","templated":true}]}}