{"id":21750,"date":"2014-05-29T22:17:50","date_gmt":"2014-05-30T03:17:50","guid":{"rendered":"http:\/\/contraluzcucuta.co\/?p=21750"},"modified":"2014-06-02T22:31:52","modified_gmt":"2014-06-03T03:31:52","slug":"21750","status":"publish","type":"post","link":"https:\/\/contraluzcucuta.co\/?p=21750","title":{"rendered":"INFORME. \u00bfQu\u00e9 hizo el gobierno de Uribe por Norte de Santander?"},"content":{"rendered":"<p>&nbsp;<\/p>\n<p>Pretender decir que el gobierno de \u00c1lvaro Uribe V\u00e9lez, no hizo absolutamente nada por Norte de Santander, es completamente il\u00f3gico, pues ser\u00eda tambi\u00e9n desconocer la gesti\u00f3n que cumpli\u00f3 articuladamente el gobierno departamental con algunos mandatarios de la regi\u00f3n.<\/p>\n<p>Respetuosamente me permito mencionar algunas ejecutorias importantes, pues mencionarlas todas ser\u00eda materia de elaborar un documento t\u00e9cnico en el que se reflejen montos asignados, indicadores favorables y el avance presentado en la regi\u00f3n durante dicho periodo.<\/p>\n<p>Sin embargo, es de anotar que en la Gobernaci\u00f3n de Norte de Santander reposan documentos que pueden dar fe de lo que a continuaci\u00f3n se detalla.<\/p>\n<p><b>1.- Segundo Laboratorio de Paz<\/b><\/p>\n<p>Como Secretario de Planeaci\u00f3n Departamental de la administraci\u00f3n de \u00a0Juan Alcides Santaella Guti\u00e9rrez tuve la oportunidad de hacer la presentaci\u00f3n por parte del departamento ante altos funcionarios del Gobierno, con el fin de postular a Norte de Santander como una de las zonas del pa\u00eds que aspiraban a ser beneficiadas por la ayuda financiera de la Uni\u00f3n Europea.<\/p>\n<p>El Segundo Laboratorio de Paz se implement\u00f3 por el Programa Paz y Desarrollo, financiado por el Gobierno mediante un empr\u00e9stito otorgado por el Banco Mundial, con el prop\u00f3sito de articular la pol\u00edtica de atenci\u00f3n y prevenci\u00f3n del desplazamiento forzado.<\/p>\n<p>El programa se ejecut\u00f3 en tres zonas del pa\u00eds: Oriente Antioque\u00f1o, Macizo Colombiano y para Norte de Santander en 15 municipios: Oca\u00f1a, \u00c1brego, La Playa, Sardinata, C\u00facuta (corregimiento Agua Clara y comunas 6, 7 y 8), Bochalema, Chin\u00e1cota, Ragonvalia, Herr\u00e1n, Toledo, Pamplona, Mutiscua, Silos, C\u00e1cota y Chitag\u00e1.<\/p>\n<p>La ejecuci\u00f3n y coordinaci\u00f3n del Segundo Laboratorio de Paz \u00a0fue desarrollada por la Corporaci\u00f3n Nueva Sociedad de la Regi\u00f3n Nororiental de Colombia &#8211; Consornoc. La etapa de ejecuci\u00f3n se adelant\u00f3 con las dos siguientes administraciones departamentales.<\/p>\n<p><b>2.- Plan 2500:<\/b><\/p>\n<p>\u2022 V\u00eda Oca\u00f1a &#8211; Sardinata &#8211; C\u00facuta &#8211; Sector Alto del Pozo \u2013 Sardinata, 42,84 Km. $ 18.309 millones<\/p>\n<p>\u2022 V\u00eda C\u00facuta &#8211; Pamplona \u2013 M\u00e1laga, 73,92 Km. $ 53.802 millones<\/p>\n<p>\u2022 V\u00eda Pamplona \u2013 Cuestaboba, 16,56 Km. $ 16.358 millones<\/p>\n<p>\u2022 Se dej\u00f3 contratada la concesi\u00f3n vial Tib\u00fa &#8211; El Tarra &#8211; Convenci\u00f3n &#8211; La Mata<\/p>\n<p>3.- Aeropuertos<\/p>\n<p>Entre 2002 y 2009, \u00a0se efectuaron inversiones para los siguientes aeropuertos del departamento que son propiedad de la Aeron\u00e1utica Civil:<\/p>\n<p>\u2022\u00a0\u00a0\u00a0\u00a0\u00a0\u00a0\u00a0\u00a0 Camilo Daza, de C\u00facuta. $ 31.062 millones<\/p>\n<p>\u2022\u00a0\u00a0\u00a0\u00a0\u00a0\u00a0\u00a0\u00a0 Aguas Claras, de Oca\u00f1a. $ 1932 millones<\/p>\n<p>Total Invertido\u00a0\u00a0\u00a0\u00a0\u00a0\u00a0 $ 32.994 millones<\/p>\n<p>En el aeropuerto Camilo Daza ejecutaron los siguientes trabajos:<\/p>\n<p>Recuperaci\u00f3n del cerramiento, construcci\u00f3n y mantenimiento de las v\u00edas internas, conexiones peatonales urbanas, instalaciones para el servicio a\u00e9reo de rescate SAR, construcci\u00f3n de llave de volteo cabecera 33, emisario de aguas lluvias cabecera 02, canales en los bordes de pista para drenar el agua lluvia, reparaciones torre de control, zona de seguridad, terminal de pasajeros, puentes de abordaje, zona de parqueos, redes de servicios p\u00fablicos, impermeabilizaci\u00f3n de la cubierta del terminal de pasajeros, cuartel de bomberos y cuartel de polic\u00eda.<\/p>\n<p><b>4.- Educaci\u00f3n<\/b><\/p>\n<p>&#8211; Ampliaci\u00f3n de cobertura en 40.287 cupos<\/p>\n<p>&#8211; Educaci\u00f3n contratada con recursos de la Naci\u00f3n: 1504 ni\u00f1os beneficiados Recursos aprobados: $ 978 millones<\/p>\n<p><b>5.- Reestructuraci\u00f3n hospitalaria (Reorganizaci\u00f3n)<\/b><\/p>\n<p>\u2022\u00a0\u00a0\u00a0\u00a0\u00a0\u00a0\u00a0\u00a0 ESE Hospital Regional Centro de Gramalote<\/p>\n<p>\u2022\u00a0\u00a0\u00a0\u00a0\u00a0\u00a0\u00a0\u00a0 Hospital Emiro Quintero Ca\u00f1izares de Oca\u00f1a<\/p>\n<p>\u2022\u00a0\u00a0\u00a0\u00a0\u00a0\u00a0\u00a0\u00a0 Hospital Erasmo Meoz de C\u00facuta<\/p>\n<p>\u2022\u00a0\u00a0\u00a0\u00a0\u00a0\u00a0\u00a0\u00a0 San Juan de Dios de Pamplona<\/p>\n<p>\u2022\u00a0\u00a0\u00a0\u00a0\u00a0\u00a0\u00a0\u00a0 ESE Hospital Regional de Suroriente con sede en Chin\u00e1cota<\/p>\n<p>\u2022\u00a0\u00a0\u00a0\u00a0\u00a0\u00a0\u00a0\u00a0 ESE Hospital Regional Noroccidente de \u00c1brego<\/p>\n<p>\u2022\u00a0\u00a0\u00a0\u00a0\u00a0\u00a0\u00a0\u00a0 ESE Hospital Regional Norte con sede en Tib\u00fa<\/p>\n<p>\u2022\u00a0\u00a0\u00a0\u00a0\u00a0\u00a0\u00a0\u00a0 Hospital Mental Rudesindo Soto de C\u00facuta<\/p>\n<p><b>6.- Crecimiento del ICBF<\/b><\/p>\n<p>Aumento de 182.821 beneficiarios entre 2002 y 2010, equivalente al 106 %<\/p>\n<p><b>7. Acci\u00f3n Social<\/b><\/p>\n<p>&#8211; Familias Guardabosques: se beneficiaron 3128 familias en cinco municipios<\/p>\n<p>&#8211; Desplazados H\u00e1bitat: se beneficiaron 4406 familias, en 28 municipios<\/p>\n<p>&#8211; Proyectos Productivos: se beneficiaron 3304 familias, en 9 municipios<\/p>\n<p>&#8211; Proyecto Batuta: se beneficiaron 1590 ni\u00f1os, en 4 municipios<\/p>\n<p>8.- Plan Nacional de M\u00fasica<\/p>\n<p>Entre 2003 y 2009, se dotaron 34 bandas en C\u00e1chira, Convenci\u00f3n, El Tarra, Gramalote, La Esperanza, Oca\u00f1a, La Playa, Pamplona, Puerto Santander, San Calixto, Santiago, Hacar\u00ed, Herr\u00e1n, Chitag\u00e1, Bochalema, Sardinata, Silos, Teorema, Tib\u00fa, Toledo, Villacaro, El Carmen, C\u00e1cota, Bucarasica y \u00c1brego.<\/p>\n<p><b>9.- Plan Nacional de Lectura y Bibliotecas<\/b><\/p>\n<p>Entre 2003 y 2009, se dotaron 41 bibliotecas en C\u00e1cota, Los Patios, Oca\u00f1a, Teorama, Bochalema, Bucarasica, Chitag\u00e1, El Carmen, El Zulia, Gramalote, Labateca, Pamplona, Pamplonita, Salazar de las Palmas, Tib\u00fa, Toledo, Villa del Rosario, C\u00e1chira, Chin\u00e1cota, Convenci\u00f3n, Durania, La Playa de Bel\u00e9n, Ragonvalia, San Calixto, San Cayetano, \u00c1brego, Hacar\u00ed, Herr\u00e1n, La Esperanza, Sardinata, Silos y C\u00facuta (Biblioteca Julio P\u00e9rez Ferrero).<\/p>\n<p><b>10.- Subsidios de Vivienda<\/b><\/p>\n<p>34.521 subsidios de vivienda fueron distribuidos de la siguiente manera:<\/p>\n<p>\u2022\u00a0\u00a0\u00a0\u00a0\u00a0\u00a0\u00a0\u00a0 Fonvivienda: 25.031<\/p>\n<p>\u2022\u00a0\u00a0\u00a0\u00a0\u00a0\u00a0\u00a0\u00a0 Cajas de Compensaci\u00f3n Familiar: 2.505<\/p>\n<p>\u2022\u00a0\u00a0\u00a0\u00a0\u00a0\u00a0\u00a0\u00a0 Banco Agrario: 2602<\/p>\n<p>\u2022\u00a0\u00a0\u00a0\u00a0\u00a0\u00a0\u00a0\u00a0 Caja Promotora de Vivienda Militar: 1159<\/p>\n<p>\u2022\u00a0\u00a0\u00a0\u00a0\u00a0\u00a0\u00a0\u00a0 Fondo Nacional de Ahorro: 3224<\/p>\n<p><b>11.- Sector Comunicaciones<\/b><\/p>\n<p>&#8211; Telecentros: Entre 2002-2008, \u00a068 en el departamento.<\/p>\n<p>&#8211; Computadores para Educar: Entre 2002-2008, se entregaron 10.039 computadores para beneficiar a 931 instituciones educativas.<\/p>\n<p><b>12.- Proyecto Tienda Escolar Binacional<\/b><\/p>\n<p>&#8211; El proyecto gener\u00f3 \u00a06000 empleos directos y 18.000 indirectos.<\/p>\n<p>&#8211; En el proyecto fueron convergiendo la experiencia privada de los empresarios de Norte de Santander y del T\u00e1chira, con apoyo gubernamental de la misi\u00f3n Colombia en Caracas, participaci\u00f3n decidida de los gobiernos regionales, apoyo de Acicam, Proexport, C\u00e1mara de Comercio y Banco Interamericano de Desarrollo, \u00a0mediante el Grupo Consultivo Regional Andino.<\/p>\n<p>13.- Plan de prevenci\u00f3n y contingencia contra la Cochinilla Rosada del Hibisco.<\/p>\n<p>En C\u00facuta (Norte de Santander), siendo Juan Alcides Santaella Guti\u00e9rrez gerente del Instituto Colombiano Agropecuario (ICA) se construy\u00f3 el Laboratorio de Controladores Biol\u00f3gicos Parasitoides de la Cochinilla Rosada del Hib\u00edsco.<\/p>\n<p>De esta manera se prepar\u00f3 a la Zona de Frontera y al pa\u00eds, del riesgo y se declar\u00f3 la emergencia fitosanitaria por la aparici\u00f3n de focos de cochinilla rosada.<\/p>\n<p>Se adelantaron diversos proyectos con la Agenda Regional de Ciencia, Tecnolog\u00eda e innovaci\u00f3n. Con apoyo de Colciencias, Gobernaci\u00f3n de Norte de Santander, C\u00e1mara de Comercio de C\u00facuta, Universidad Francisco de Paula Santander y el Servicio Nacional de Aprendizaje SENA.<\/p>\n<p>Tambi\u00e9n, se desarrollaron programas y proyectos en el departamento como:<\/p>\n<p>\u2022\u00a0\u00a0\u00a0\u00a0\u00a0\u00a0\u00a0\u00a0 Vivienda rural<\/p>\n<p>\u2022\u00a0\u00a0\u00a0\u00a0\u00a0\u00a0\u00a0\u00a0 Electrificaci\u00f3n rural<\/p>\n<p>\u2022\u00a0\u00a0\u00a0\u00a0\u00a0\u00a0\u00a0\u00a0 Agua potable y saneamiento b\u00e1sico<\/p>\n<p>\u2022\u00a0\u00a0\u00a0\u00a0\u00a0\u00a0\u00a0\u00a0 Distritos de riego<\/p>\n<p>\u2022\u00a0\u00a0\u00a0\u00a0\u00a0\u00a0\u00a0\u00a0 Acceso a tierras<\/p>\n<p>\u2022\u00a0\u00a0\u00a0\u00a0\u00a0\u00a0\u00a0\u00a0 Desarrollo productivo<\/p>\n<p>\u2022\u00a0\u00a0\u00a0\u00a0\u00a0\u00a0\u00a0\u00a0 Pesca y acuicultura<\/p>\n<p>\u2022\u00a0\u00a0\u00a0\u00a0\u00a0\u00a0\u00a0\u00a0 Oportunidades Rurales<\/p>\n<p>\u2022\u00a0\u00a0\u00a0\u00a0\u00a0\u00a0\u00a0\u00a0 Alianzas Productivas<\/p>\n<p>\u2022\u00a0\u00a0\u00a0\u00a0\u00a0\u00a0\u00a0\u00a0 Cr\u00e9ditos Finagro<\/p>\n<p>\u2022\u00a0\u00a0\u00a0\u00a0\u00a0\u00a0\u00a0\u00a0 Cr\u00e9ditos Banco Agrario<\/p>\n<p>\u2022\u00a0\u00a0\u00a0\u00a0\u00a0\u00a0\u00a0\u00a0 Banca de oportunidades<\/p>\n<p>\u2022\u00a0\u00a0\u00a0\u00a0\u00a0\u00a0\u00a0\u00a0 Adulto mayor<\/p>\n<p>\u2022\u00a0\u00a0\u00a0\u00a0\u00a0\u00a0\u00a0\u00a0 Madres comunitarias<\/p>\n<p>\u2022\u00a0\u00a0\u00a0\u00a0\u00a0\u00a0\u00a0\u00a0 Restaurantes escolares<\/p>\n<p>\u2022\u00a0\u00a0\u00a0\u00a0\u00a0\u00a0\u00a0\u00a0 Desayunos infantiles<\/p>\n<p>\u2022\u00a0\u00a0\u00a0\u00a0\u00a0\u00a0\u00a0\u00a0 Formaci\u00f3n Titulada y Complementaria &#8211; Sena<\/p>\n<p>\u2022\u00a0\u00a0\u00a0\u00a0\u00a0\u00a0\u00a0\u00a0 Formaci\u00f3n Titulada &#8211; T\u00e9cnicos Profesionales y Tecn\u00f3logos &#8211; Sena<\/p>\n<p><b>FRANCISCO A. BERR\u00cdO M.<\/b><b>\u2028<\/b><b><\/b><\/p>\n<p><b>@faberriom<\/b><\/p>\n<p>&nbsp; <\/p>\n","protected":false},"excerpt":{"rendered":"<p>&nbsp; Pretender decir que el gobierno de \u00c1lvaro Uribe V\u00e9lez, no hizo absolutamente nada por Norte de Santander, es completamente il\u00f3gico, pues ser\u00eda tambi\u00e9n desconocer la gesti\u00f3n que cumpli\u00f3 articuladamente el gobierno departamental con algunos mandatarios de la regi\u00f3n. Respetuosamente me permito mencionar algunas ejecutorias importantes, pues mencionarlas todas ser\u00eda materia de elaborar un documento &hellip;<\/p>\n","protected":false},"author":1,"featured_media":21751,"comment_status":"open","ping_status":"open","sticky":false,"template":"","format":"standard","meta":{"footnotes":""},"categories":[556,6,9],"tags":[739,1099,801],"class_list":["post-21750","post","type-post","status-publish","format-standard","has-post-thumbnail","hentry","category-departamento","category-ojo-avizor","category-politica","tag-alvaro-uribe-velez","tag-elecciones-2014","tag-francisco-berrio"],"_links":{"self":[{"href":"https:\/\/contraluzcucuta.co\/index.php?rest_route=\/wp\/v2\/posts\/21750","targetHints":{"allow":["GET"]}}],"collection":[{"href":"https:\/\/contraluzcucuta.co\/index.php?rest_route=\/wp\/v2\/posts"}],"about":[{"href":"https:\/\/contraluzcucuta.co\/index.php?rest_route=\/wp\/v2\/types\/post"}],"author":[{"embeddable":true,"href":"https:\/\/contraluzcucuta.co\/index.php?rest_route=\/wp\/v2\/users\/1"}],"replies":[{"embeddable":true,"href":"https:\/\/contraluzcucuta.co\/index.php?rest_route=%2Fwp%2Fv2%2Fcomments&post=21750"}],"version-history":[{"count":2,"href":"https:\/\/contraluzcucuta.co\/index.php?rest_route=\/wp\/v2\/posts\/21750\/revisions"}],"predecessor-version":[{"id":21753,"href":"https:\/\/contraluzcucuta.co\/index.php?rest_route=\/wp\/v2\/posts\/21750\/revisions\/21753"}],"wp:featuredmedia":[{"embeddable":true,"href":"https:\/\/contraluzcucuta.co\/index.php?rest_route=\/wp\/v2\/media\/21751"}],"wp:attachment":[{"href":"https:\/\/contraluzcucuta.co\/index.php?rest_route=%2Fwp%2Fv2%2Fmedia&parent=21750"}],"wp:term":[{"taxonomy":"category","embeddable":true,"href":"https:\/\/contraluzcucuta.co\/index.php?rest_route=%2Fwp%2Fv2%2Fcategories&post=21750"},{"taxonomy":"post_tag","embeddable":true,"href":"https:\/\/contraluzcucuta.co\/index.php?rest_route=%2Fwp%2Fv2%2Ftags&post=21750"}],"curies":[{"name":"wp","href":"https:\/\/api.w.org\/{rel}","templated":true}]}}