{"id":21746,"date":"2014-05-29T21:40:30","date_gmt":"2014-05-30T02:40:30","guid":{"rendered":"http:\/\/contraluzcucuta.co\/?p=21746"},"modified":"2014-05-29T22:26:18","modified_gmt":"2014-05-30T03:26:18","slug":"renson-said-la-literatura-hace-que-los-seres-humanos-sean-mas-bellos","status":"publish","type":"post","link":"https:\/\/contraluzcucuta.co\/?p=21746","title":{"rendered":"RENSON SAID. \u201cLa literatura hace que los seres humanos sean m\u00e1s bellos\u201d"},"content":{"rendered":"<p><b style=\"line-height: 1.5em;\">VILLA DEL ROSARIO \u2013 Norte de Santander.-<\/b><span style=\"line-height: 1.5em;\"> Estudiantes de comunicaci\u00f3n social de la Universidad de Pamplona, campus Villa del Rosario, escucharon las reflexiones de Renson Said Sep\u00falveda acerca de la vida y obra de Gabriel M\u00e1rquez, muerto el 17 de abril en M\u00e9xico.<\/span><\/p>\n<p>Durante el conversatorio, que comenz\u00f3 con la vivencia del conferenciante \u00a0sobre c\u00f3mo se interes\u00f3 por la obra de Gabo, quedaron al descubierto algunos hechos curiosos en torno al Nobel de Literatura.<\/p>\n<p>El columnista del peri\u00f3dico local La Opini\u00f3n, ganador del premio de periodismo Semana Petrobras, revel\u00f3 que a pesar de ser el \u00fanico Nobel colombiano, Gabriel Garc\u00eda M\u00e1rquez es m\u00e1s estudiado en Europa que en el pa\u00eds.<\/p>\n<p>La conferencia, convocada como homenaje del programa de Comunicaci\u00f3n Social, con auspicio de la C\u00e1tedra Eustorgio Colmenares, ten\u00eda como objetivo dar otra visi\u00f3n del escritor nacido en Aracataca y conocerlo en diferentes facetas.<\/p>\n<p>\u201cPara entender a Garc\u00eda M\u00e1rquez&#8221; titul\u00f3 Renson Said el trabajo que expuso y que dej\u00f3 buenos comentarios entre los estudiantes de la Universidad de Pamplona.<\/p>\n<p>Al comienzo, se present\u00f3 un v\u00eddeo con im\u00e1genes de Gabo en distintos momentos de su vida. Se lo vio acompa\u00f1ado de reyes, gobernantes y amigos, y en el instante crucial al recibir el m\u00e1ximo galard\u00f3n mundial a las letras por la novela \u2018Cien a\u00f1os de soledad\u2019.<\/p>\n<p>Directivos y profesores de la licenciatura Lengua Castellana se unieron a la actividad, que despert\u00f3 \u00a0inter\u00e9s general entre los futuros comunicadores sociales. Una de las ense\u00f1anzas de la charla es que el \u201cescritor busc\u00f3 alternativas de un periodismo libre, \u00e9tico. Siempre quiso hacer una propuesta diferente\u201d.<\/p>\n<p>El saludo de bienvenida estuvo a cargo del director Edgar Alan Ni\u00f1o. \u201cHablar de Gabriel Garc\u00eda M\u00e1rquez es hablar de una fuente inagotable de ideas\u201d, dijo en la apertura del acto acad\u00e9mico-cultural. Resalt\u00f3 la importancia de interesarse por el autor colombiano.<\/p>\n<p>Renson Said llam\u00f3 a la disertaci\u00f3n \u201cuna conversaci\u00f3n entre amigos\u201d, lo que hizo que el estudiantado se sintiera m\u00e1s c\u00f3modo y el ambiente se tornara din\u00e1mico. \u201cLa literatura hace que los seres humanos sean m\u00e1s bellos\u201d, dijo en un momento de la conferencia.<\/p>\n<p>La jornada termin\u00f3 con las inquietudes de los estudiantes, que obtuvieron respuestas elocuentes por parte del invitado.<\/p>\n<p>Foto: MARCO S\u00daA<\/p>\n<p>&nbsp; <\/p>\n","protected":false},"excerpt":{"rendered":"<p>VILLA DEL ROSARIO \u2013 Norte de Santander.- Estudiantes de comunicaci\u00f3n social de la Universidad de Pamplona, campus Villa del Rosario, escucharon las reflexiones de Renson Said Sep\u00falveda acerca de la vida y obra de Gabriel M\u00e1rquez, muerto el 17 de abril en M\u00e9xico. Durante el conversatorio, que comenz\u00f3 con la vivencia del conferenciante \u00a0sobre c\u00f3mo &hellip;<\/p>\n","protected":false},"author":1,"featured_media":21747,"comment_status":"open","ping_status":"open","sticky":false,"template":"","format":"standard","meta":{"footnotes":""},"categories":[74,45,37],"tags":[184,1347,862],"class_list":["post-21746","post","type-post","status-publish","format-standard","has-post-thumbnail","hentry","category-aula-universitaria","category-destacado","category-paseo-cultural","tag-gabo","tag-gabriel-garcia-marquez","tag-renson-said-sepulveda"],"_links":{"self":[{"href":"https:\/\/contraluzcucuta.co\/index.php?rest_route=\/wp\/v2\/posts\/21746","targetHints":{"allow":["GET"]}}],"collection":[{"href":"https:\/\/contraluzcucuta.co\/index.php?rest_route=\/wp\/v2\/posts"}],"about":[{"href":"https:\/\/contraluzcucuta.co\/index.php?rest_route=\/wp\/v2\/types\/post"}],"author":[{"embeddable":true,"href":"https:\/\/contraluzcucuta.co\/index.php?rest_route=\/wp\/v2\/users\/1"}],"replies":[{"embeddable":true,"href":"https:\/\/contraluzcucuta.co\/index.php?rest_route=%2Fwp%2Fv2%2Fcomments&post=21746"}],"version-history":[{"count":2,"href":"https:\/\/contraluzcucuta.co\/index.php?rest_route=\/wp\/v2\/posts\/21746\/revisions"}],"predecessor-version":[{"id":21749,"href":"https:\/\/contraluzcucuta.co\/index.php?rest_route=\/wp\/v2\/posts\/21746\/revisions\/21749"}],"wp:featuredmedia":[{"embeddable":true,"href":"https:\/\/contraluzcucuta.co\/index.php?rest_route=\/wp\/v2\/media\/21747"}],"wp:attachment":[{"href":"https:\/\/contraluzcucuta.co\/index.php?rest_route=%2Fwp%2Fv2%2Fmedia&parent=21746"}],"wp:term":[{"taxonomy":"category","embeddable":true,"href":"https:\/\/contraluzcucuta.co\/index.php?rest_route=%2Fwp%2Fv2%2Fcategories&post=21746"},{"taxonomy":"post_tag","embeddable":true,"href":"https:\/\/contraluzcucuta.co\/index.php?rest_route=%2Fwp%2Fv2%2Ftags&post=21746"}],"curies":[{"name":"wp","href":"https:\/\/api.w.org\/{rel}","templated":true}]}}