{"id":21740,"date":"2014-05-29T20:49:59","date_gmt":"2014-05-30T01:49:59","guid":{"rendered":"http:\/\/contraluzcucuta.co\/?p=21740"},"modified":"2014-06-02T22:32:48","modified_gmt":"2014-06-03T03:32:48","slug":"gramalote-849-reclamaciones-durante-registro-de-familias","status":"publish","type":"post","link":"https:\/\/contraluzcucuta.co\/?p=21740","title":{"rendered":"GRAMALOTE. 849 reclamaciones durante registro de familias"},"content":{"rendered":"<p><b style=\"line-height: 1.5em;\">C\u00daCUTA.-<\/b><span style=\"line-height: 1.5em;\"> \u00a0El Comit\u00e9 de Reclamaciones anunci\u00f3 la culminaci\u00f3n de la etapa de recepci\u00f3n de solicitudes en el proceso de Registro de Familias e Inventario de Predios del antiguo casco urbano de Gramalote.<\/span><\/p>\n<p>El ejercicio destac\u00f3 por la participaci\u00f3n masiva de los interesados, que acudieron a los centros de atenci\u00f3n previstos por la Universidad de Pamplona, a solicitar aclaraciones o a confirmar los datos publicados por el Fondo Adaptaci\u00f3n.<\/p>\n<p>Al cierre, se registraron las siguientes tipolog\u00edas de reclamaciones:<\/p>\n<p>1.- Actualizaci\u00f3n de datos: 122<\/p>\n<p>2.- Conformaci\u00f3n familiar: 188<\/p>\n<p>3.- Casos especiales: 9<\/p>\n<p>4.- Derecho de dominio: 3<\/p>\n<p>5.- Inventario de predio: 54<\/p>\n<p>6.- No aparece en el registro: 60<\/p>\n<p>7.- Tenencia: 413<\/p>\n<p>8.- Total: 849<\/p>\n<p>Lo que viene a continuaci\u00f3n en este proceso es:<\/p>\n<p>\u2022 Procesamiento de solicitudes y proyecci\u00f3n de respuestas por parte del Comit\u00e9, hasta el 27 de julio de 2014.<\/p>\n<p>\u2022 Publicaci\u00f3n del listado de aquellas personas que se declararon como poseedores, 17 de julio de 2014.<\/p>\n<p>\u2022 Plazo para presentar desacuerdos con el listado de poseedores, entre el 18 de junio y el 14 de julio.<\/p>\n<p>\u2022 Consolidaci\u00f3n de los desacuerdos presentados.<\/p>\n<p>\u2022 Publicaci\u00f3n del acto administrativo de adopci\u00f3n del registro definitivo el 29 de julio de 2014.<\/p>\n<p>Gramalote es el modelo de reasentamiento planeado, integral y sostenible que desarrolla el Fondo Adaptaci\u00f3n y el Gobierno Nacional, como parte de la construcci\u00f3n y reconstrucci\u00f3n de las zonas afectadas por el Fen\u00f3meno de la Ni\u00f1a 2010-2011.<\/p>\n<p>&nbsp; <\/p>\n","protected":false},"excerpt":{"rendered":"<p>C\u00daCUTA.- \u00a0El Comit\u00e9 de Reclamaciones anunci\u00f3 la culminaci\u00f3n de la etapa de recepci\u00f3n de solicitudes en el proceso de Registro de Familias e Inventario de Predios del antiguo casco urbano de Gramalote. El ejercicio destac\u00f3 por la participaci\u00f3n masiva de los interesados, que acudieron a los centros de atenci\u00f3n previstos por la Universidad de Pamplona, &hellip;<\/p>\n","protected":false},"author":1,"featured_media":21741,"comment_status":"open","ping_status":"open","sticky":false,"template":"","format":"standard","meta":{"footnotes":""},"categories":[556,32],"tags":[1248,13,153],"class_list":["post-21740","post","type-post","status-publish","format-standard","has-post-thumbnail","hentry","category-departamento","category-recorrido-por-la-region","tag-fondo-adaptacion","tag-gramalote","tag-nuevo-gramalote"],"_links":{"self":[{"href":"https:\/\/contraluzcucuta.co\/index.php?rest_route=\/wp\/v2\/posts\/21740","targetHints":{"allow":["GET"]}}],"collection":[{"href":"https:\/\/contraluzcucuta.co\/index.php?rest_route=\/wp\/v2\/posts"}],"about":[{"href":"https:\/\/contraluzcucuta.co\/index.php?rest_route=\/wp\/v2\/types\/post"}],"author":[{"embeddable":true,"href":"https:\/\/contraluzcucuta.co\/index.php?rest_route=\/wp\/v2\/users\/1"}],"replies":[{"embeddable":true,"href":"https:\/\/contraluzcucuta.co\/index.php?rest_route=%2Fwp%2Fv2%2Fcomments&post=21740"}],"version-history":[{"count":1,"href":"https:\/\/contraluzcucuta.co\/index.php?rest_route=\/wp\/v2\/posts\/21740\/revisions"}],"predecessor-version":[{"id":21742,"href":"https:\/\/contraluzcucuta.co\/index.php?rest_route=\/wp\/v2\/posts\/21740\/revisions\/21742"}],"wp:featuredmedia":[{"embeddable":true,"href":"https:\/\/contraluzcucuta.co\/index.php?rest_route=\/wp\/v2\/media\/21741"}],"wp:attachment":[{"href":"https:\/\/contraluzcucuta.co\/index.php?rest_route=%2Fwp%2Fv2%2Fmedia&parent=21740"}],"wp:term":[{"taxonomy":"category","embeddable":true,"href":"https:\/\/contraluzcucuta.co\/index.php?rest_route=%2Fwp%2Fv2%2Fcategories&post=21740"},{"taxonomy":"post_tag","embeddable":true,"href":"https:\/\/contraluzcucuta.co\/index.php?rest_route=%2Fwp%2Fv2%2Ftags&post=21740"}],"curies":[{"name":"wp","href":"https:\/\/api.w.org\/{rel}","templated":true}]}}