{"id":21731,"date":"2014-05-27T22:28:17","date_gmt":"2014-05-28T03:28:17","guid":{"rendered":"http:\/\/contraluzcucuta.co\/?p=21731"},"modified":"2014-05-27T22:28:17","modified_gmt":"2014-05-28T03:28:17","slug":"horacio-serpa-uribe-llamado-al-pais-democrata-y-pacifico","status":"publish","type":"post","link":"https:\/\/contraluzcucuta.co\/?p=21731","title":{"rendered":"HORACIO SERPA URIBE. Llamado al pa\u00eds dem\u00f3crata y pac\u00edfico"},"content":{"rendered":"<p><b style=\"line-height: 1.5em;\">BOGOT\u00c1.-<\/b><span style=\"line-height: 1.5em;\"> A\u00fan no se ha perdido nada. Pero es urgente e inmediata una acci\u00f3n ciudadana, pol\u00edtica y popular que permita defender el proceso de paz, asegurar la convivencia, consolidar un pacto por la equidad, lograr\u00a0 las grandes reformas y derrotar a los guerreristas.<\/span><\/p>\n<p>Soy el \u00fanico colombiano que por experiencia propia puede asegurar que cuando se gana en la primera vuelta presidencial, se puede perder en la segunda. Eso fue lo que ocurri\u00f3 en las elecciones de 1998. Lo traigo a cuento para decirles a los que votamos por Santos que la lucha est\u00e1 vigente y no podemos vacilar. Tenemos que triplicar nuestro trabajo. Es posible, es viable, es necesario que Santos gane en la segunda vuelta.<\/p>\n<p>Es indispensable que a la causa de la paz se unan la izquierda democr\u00e1tica de Clara L\u00f3pez, los verdes de Enrique Pe\u00f1aloza, los Progresistas de Gustavo Petro, los conservadores con criterio social, los independientes que esperan la paz, los luchadores sociales y los abstencionistas que anhelan la terminaci\u00f3n del conflicto armado que tantas v\u00edctimas ha cobrado y es la causa principal de la desigualdad que azota al 50 % de los colombianos.<\/p>\n<p>No podemos permitir que se destruya el proceso de La Habana. Es una gran oportunidad, la \u00fanica en todo este tiempo. Todos los colombianos ganamos si las Farc y el Eln renuncian a la lucha armada. Si ello ocurre haremos las grandes reformas sociales, pol\u00edticas y econ\u00f3micas. Ser\u00e1 uno de esos grandes y excepcionales momentos que se presentan a las comunidades para comenzar una nueva \u00e9poca.<\/p>\n<p>Tenemos que formar una gran fuerza democr\u00e1tica, pacifista y electoral que sea capaz de derrotar a la guerra y al pasado dentro de tres semanas.\u00a0 Si no lo hacemos por negligencia o por cobard\u00eda el pa\u00eds, sus habitantes, vamos a pagarlo muy caro. Seguiremos en la desigualdad y la corrupci\u00f3n, volver\u00e1 la persecuci\u00f3n a disidentes y opositores, se violar\u00e1n los derechos humanos, se impondr\u00e1 el revanchismo, continuar\u00e1n los muertos de la guerra, los secuestros de la guerra, la pobreza de la guerra, los gastos del presupuesto nacional que exige la guerra.<\/p>\n<p>Cincuenta a\u00f1os de guerra son una desgracia. Prolongarla es\u00a0 absurdo, est\u00fapido, criminal. Juan Manuel Santos tiene en sus manos la llave de la paz. Es un gobernante eficaz, serio, honrado, responsable, dem\u00f3crata.\u00a0 No lo dejemos solo. No demos lugar a que vuelvan otros 8 a\u00f1os de confrontaci\u00f3n armada, de angustias, de pobreza, de tensiones internas, de aislamiento internacional y de quien sabe cu\u00e1ntas desgracias m\u00e1s.<\/p>\n<p>\u00a1El camino es con Santos, es con la paz!<\/p>\n<p>Foto: MARCO S\u00daA<\/p>\n<p>&nbsp; <\/p>\n","protected":false},"excerpt":{"rendered":"<p>BOGOT\u00c1.- A\u00fan no se ha perdido nada. Pero es urgente e inmediata una acci\u00f3n ciudadana, pol\u00edtica y popular que permita defender el proceso de paz, asegurar la convivencia, consolidar un pacto por la equidad, lograr\u00a0 las grandes reformas y derrotar a los guerreristas. Soy el \u00fanico colombiano que por experiencia propia puede asegurar que cuando &hellip;<\/p>\n","protected":false},"author":1,"featured_media":21732,"comment_status":"open","ping_status":"open","sticky":false,"template":"","format":"standard","meta":{"footnotes":""},"categories":[4,9],"tags":[1099,616],"class_list":["post-21731","post","type-post","status-publish","format-standard","has-post-thumbnail","hentry","category-barra","category-politica","tag-elecciones-2014","tag-horacio-serpa-uribe"],"_links":{"self":[{"href":"https:\/\/contraluzcucuta.co\/index.php?rest_route=\/wp\/v2\/posts\/21731","targetHints":{"allow":["GET"]}}],"collection":[{"href":"https:\/\/contraluzcucuta.co\/index.php?rest_route=\/wp\/v2\/posts"}],"about":[{"href":"https:\/\/contraluzcucuta.co\/index.php?rest_route=\/wp\/v2\/types\/post"}],"author":[{"embeddable":true,"href":"https:\/\/contraluzcucuta.co\/index.php?rest_route=\/wp\/v2\/users\/1"}],"replies":[{"embeddable":true,"href":"https:\/\/contraluzcucuta.co\/index.php?rest_route=%2Fwp%2Fv2%2Fcomments&post=21731"}],"version-history":[{"count":1,"href":"https:\/\/contraluzcucuta.co\/index.php?rest_route=\/wp\/v2\/posts\/21731\/revisions"}],"predecessor-version":[{"id":21733,"href":"https:\/\/contraluzcucuta.co\/index.php?rest_route=\/wp\/v2\/posts\/21731\/revisions\/21733"}],"wp:featuredmedia":[{"embeddable":true,"href":"https:\/\/contraluzcucuta.co\/index.php?rest_route=\/wp\/v2\/media\/21732"}],"wp:attachment":[{"href":"https:\/\/contraluzcucuta.co\/index.php?rest_route=%2Fwp%2Fv2%2Fmedia&parent=21731"}],"wp:term":[{"taxonomy":"category","embeddable":true,"href":"https:\/\/contraluzcucuta.co\/index.php?rest_route=%2Fwp%2Fv2%2Fcategories&post=21731"},{"taxonomy":"post_tag","embeddable":true,"href":"https:\/\/contraluzcucuta.co\/index.php?rest_route=%2Fwp%2Fv2%2Ftags&post=21731"}],"curies":[{"name":"wp","href":"https:\/\/api.w.org\/{rel}","templated":true}]}}