{"id":21722,"date":"2014-05-27T19:56:10","date_gmt":"2014-05-28T00:56:10","guid":{"rendered":"http:\/\/contraluzcucuta.co\/?p=21722"},"modified":"2014-05-29T22:28:54","modified_gmt":"2014-05-30T03:28:54","slug":"analisis-por-que-el-centro-democratico-gano-en-norte-de-santander","status":"publish","type":"post","link":"https:\/\/contraluzcucuta.co\/?p=21722","title":{"rendered":"AN\u00c1LISIS. \u00bfPor qu\u00e9 el Centro Democr\u00e1tico, gan\u00f3 en Norte de Santander?"},"content":{"rendered":"<p><b style=\"line-height: 1.5em;\">C\u00daCUTA.-<\/b><span style=\"line-height: 1.5em;\"> Luego de las elecciones presidenciales del 25 de mayo, en las que la abstenci\u00f3n consigui\u00f3 un r\u00e9cord al superar el 60 por ciento en el pa\u00eds,\u00a0 se muestra como gran ganador del proceso al expresidente y senador electo \u00c1lvaro Uribe V\u00e9lez.<\/span><\/p>\n<p>En Norte de Santander el candidato a la presidencia por el partido pol\u00edtico Centro Democr\u00e1tico, Oscar Iv\u00e1n Zuluaga, obtuvo una victoria contundente en las urnas. A pesar del 73 por ciento de abstenci\u00f3n en el departamento, obtuvo 117.915 votos (31,03 %) frente a 105.321 (27,72 %) del candidato-presidente Juan Manuel Santos.<\/p>\n<p>\u00bfPor qu\u00e9 la ventaja de Zuluaga frente a Santos? Todo parece indicar que el 27 % de los votantes en esta zona del pa\u00eds, le cobr\u00f3 el olvido y abandono de los que han sido v\u00edctimas en los \u00faltimos a\u00f1os. En \u00c1brego, C\u00e1chira, Los Patios, Oca\u00f1a, Pamplona, Sardinata, Toledo y Villa del Rosario gan\u00f3 el Centro Democr\u00e1tico.<\/p>\n<p>En 4 a\u00f1os del gobierno Santos, Norte de Santander pas\u00f3 por crisis pol\u00edticas, econ\u00f3micas y sociales. Los cucute\u00f1os y los habitantes de El Catatumbo resultaron afectados.<\/p>\n<p>La crisis venezolana afecta directamente la econom\u00eda en la frontera. Para contrarrestar esos pobres episodios mercantiles, la salida m\u00e1s r\u00e1pida la conforman el contrabando y la informalidad, que han crecido en la ciudad y perjudica al comercio formal.<\/p>\n<p>El 3 de abril, se organiz\u00f3 en la ciudad una protesta masiva, apoyada por amplios sectores de la capital nortesantandereana, para pedirle al Gobierno pol\u00edticas efectivas para neutralizar la informalidad, que alcanza el 73 por ciento en C\u00facuta, convirti\u00e9ndola en una de las capitales de departamento con los m\u00e1s altos \u00edndices de desempleo en el pa\u00eds.<\/p>\n<p>El lento y denso proceso de paz ha recibido \u00a0cr\u00edticas en Norte de Santander, porque esta zona ha sido v\u00edctima de ataques terroristas e incursiones que han cobrado la vida de militares y civiles, que desmeritan y cuestionan los adelantos en La Habana sobre paz, reparaci\u00f3n, y narcotr\u00e1fico.<\/p>\n<p>En los 8 a\u00f1os del gobierno Uribe \u00a0la ciudad pas\u00f3 por problemas similares en temas pol\u00edticos -m\u00e1s fren\u00e9ticos- sociales y econ\u00f3micos. Algunos cucute\u00f1os rescatan que el expresidente estuvo al tanto de lo que acontec\u00eda y se puso al frente de la crisis. \u201cVot\u00e9 por Zuluaga, porque es de Uribe, y gracias a Uribe pude recuperar mi negocio en la crisis de 2003\u201d, dijo un comerciante de Ure\u00f1a.<\/p>\n<p>Para muchos esta no es una raz\u00f3n de apoyo, porque seg\u00fan cifras de la Superintendencia de Sociedades, en 2009 -a\u00f1o en el que la crisis aument\u00f3- \u00a0mientras las ventas en el pa\u00eds cayeron 0,1 por ciento, en C\u00facuta y la zona de influencia llegaron al 15,9 por ciento. Se dio la opci\u00f3n de congelar parcialmente el cobro del IVA que estaba en 16 %. La medida ayud\u00f3 medianamente al comercio cucute\u00f1o, pero sin olvidar que en el 2004, segundo a\u00f1o de mandato de \u00c1lvaro Uribe, que el impuesto de venta pas\u00f3 del 12 % al 16 %.<\/p>\n<p>Al mirar hacia El Catatumbo, a pesar de que en Tib\u00fa, Juan Manuel Santos gan\u00f3 con 2962 votos (38,87 %), el paro que afect\u00f3 esta zona durante m\u00e1s de 53 d\u00edas,\u00a0 fue otro de los errores del presidente-candidato. Durante los d\u00edas de bloqueo, nunca se present\u00f3 en la zona y el equipo mediador que envi\u00f3 para resistir el paro, fue insuficiente para afrontar esta grave crisis social.<\/p>\n<p>El 15 de junio, ser\u00e1 la segunda vuelta para decidir qui\u00e9n tomar\u00e1 las riendas del pa\u00eds. Despu\u00e9s de las posibles alianzas que se puedan formar se conocer\u00e1 si a Santos le perdonar\u00e1n o no la desidia y la omisi\u00f3n en Norte de Santander.<\/p>\n<p><b>ELIBARDO LE\u00d3N ESTEVEZ<\/b><\/p>\n<p><b><a href=\"mailto:eleones89@hotmail.com\">eleones89@hotmail.com<\/a><\/b><\/p>\n<p>Foto: MARCO S\u00daA<\/p>\n<p>&nbsp; <\/p>\n","protected":false},"excerpt":{"rendered":"<p>C\u00daCUTA.- Luego de las elecciones presidenciales del 25 de mayo, en las que la abstenci\u00f3n consigui\u00f3 un r\u00e9cord al superar el 60 por ciento en el pa\u00eds,\u00a0 se muestra como gran ganador del proceso al expresidente y senador electo \u00c1lvaro Uribe V\u00e9lez. En Norte de Santander el candidato a la presidencia por el partido pol\u00edtico &hellip;<\/p>\n","protected":false},"author":1,"featured_media":21723,"comment_status":"open","ping_status":"open","sticky":false,"template":"","format":"standard","meta":{"footnotes":""},"categories":[9,32],"tags":[1434,1100,324],"class_list":["post-21722","post","type-post","status-publish","format-standard","has-post-thumbnail","hentry","category-politica","category-recorrido-por-la-region","tag-alvaro-uribe-vevez","tag-centro-democratico","tag-juan-manuel-santos"],"_links":{"self":[{"href":"https:\/\/contraluzcucuta.co\/index.php?rest_route=\/wp\/v2\/posts\/21722","targetHints":{"allow":["GET"]}}],"collection":[{"href":"https:\/\/contraluzcucuta.co\/index.php?rest_route=\/wp\/v2\/posts"}],"about":[{"href":"https:\/\/contraluzcucuta.co\/index.php?rest_route=\/wp\/v2\/types\/post"}],"author":[{"embeddable":true,"href":"https:\/\/contraluzcucuta.co\/index.php?rest_route=\/wp\/v2\/users\/1"}],"replies":[{"embeddable":true,"href":"https:\/\/contraluzcucuta.co\/index.php?rest_route=%2Fwp%2Fv2%2Fcomments&post=21722"}],"version-history":[{"count":1,"href":"https:\/\/contraluzcucuta.co\/index.php?rest_route=\/wp\/v2\/posts\/21722\/revisions"}],"predecessor-version":[{"id":21724,"href":"https:\/\/contraluzcucuta.co\/index.php?rest_route=\/wp\/v2\/posts\/21722\/revisions\/21724"}],"wp:featuredmedia":[{"embeddable":true,"href":"https:\/\/contraluzcucuta.co\/index.php?rest_route=\/wp\/v2\/media\/21723"}],"wp:attachment":[{"href":"https:\/\/contraluzcucuta.co\/index.php?rest_route=%2Fwp%2Fv2%2Fmedia&parent=21722"}],"wp:term":[{"taxonomy":"category","embeddable":true,"href":"https:\/\/contraluzcucuta.co\/index.php?rest_route=%2Fwp%2Fv2%2Fcategories&post=21722"},{"taxonomy":"post_tag","embeddable":true,"href":"https:\/\/contraluzcucuta.co\/index.php?rest_route=%2Fwp%2Fv2%2Ftags&post=21722"}],"curies":[{"name":"wp","href":"https:\/\/api.w.org\/{rel}","templated":true}]}}