{"id":21713,"date":"2014-05-25T19:30:29","date_gmt":"2014-05-26T00:30:29","guid":{"rendered":"http:\/\/contraluzcucuta.co\/?p=21713"},"modified":"2014-05-27T22:49:54","modified_gmt":"2014-05-28T03:49:54","slug":"crisis-en-venezuela-2014-batira-record-en-violaciones-a-la-libertad-de-expresion","status":"publish","type":"post","link":"https:\/\/contraluzcucuta.co\/?p=21713","title":{"rendered":"CRISIS EN VENEZUELA. 2014 batir\u00e1 r\u00e9cord en violaciones a la libertad de expresi\u00f3n"},"content":{"rendered":"<p><b style=\"line-height: 1.5em;\">CARACAS.-<\/b><span style=\"line-height: 1.5em;\"> El secretario general del Sindicato Nacional de los Trabajadores de la Prensa, Marco Ruiz, alert\u00f3 que el 2014 se convertir\u00e1 en el a\u00f1o de la \u00faltima d\u00e9cada con m\u00e1s violaciones al derecho a la libertad de expresi\u00f3n e informaci\u00f3n en Venezuela.<\/span><\/p>\n<p>Ruiz asegur\u00f3 que desde las elecciones presidenciales del 14 de abril de 2013, se ha acelerado el silenciamiento de medios, la asfixia a la prensa independiente y las agresiones contra periodistas.<\/p>\n<p>\u201cEl 2013 estuvo marcado por la negociaci\u00f3n de medios de comunicaci\u00f3n para el cambio de sus l\u00edneas editoriales; la imposici\u00f3n de la censura y la autocensura, y la reducci\u00f3n de la prensa escrita por falta de divisas para la compra de papel peri\u00f3dico. En 2014, la situaci\u00f3n no ha mejorado. Con la represi\u00f3n a las protestas, tambi\u00e9n se ha desarrollado un ataque contra los trabajadores de la prensa\u201d, se\u00f1al\u00f3 el secretario general del SNTP.<\/p>\n<p>Entre el 12 de febrero y el 15 de mayo, se reportan 155 casos que constituyen violaciones a la libertad de expresi\u00f3n. En estos casos se registran los siguientes tipos de agresiones:<\/p>\n<p>1.- Amenazas y hostigamiento: 86<\/p>\n<p>2.- Agresiones f\u00edsicas: 46<\/p>\n<p>3.- Robos y destrucci\u00f3n de material y equipos de trabajo: 39<\/p>\n<p>4.- Detenciones: 23<\/p>\n<p>5.- Heridos de bala: 1<\/p>\n<p>6.- Total: 195 agresiones, 144 trabajadores de la prensa v\u00edctimas<\/p>\n<p>Solo estos 155 casos de agresiones contra trabajadores de la prensa durante los primeros cinco meses del 2014, superan el total de violaciones a la libertad de expresi\u00f3n ocurridas en el mismo periodo de los 10 a\u00f1os previos.<\/p>\n<p>Al comparar, cit\u00f3 cifras de la ONG Espacio P\u00fablico:<\/p>\n<p>1.- Entre enero y mayo de 2013 hubo 113 casos de violaciones a la libertad de expresi\u00f3n<\/p>\n<p>2.- \u00a075 casos en 2012<\/p>\n<p>3.- \u00a061 casos en 2011<\/p>\n<p>3.- 83 casos en 2010<\/p>\n<p>4.- 123 casos en 2009<\/p>\n<p>5.- 50 casos en 2008<\/p>\n<p>6.- 63 casos en 2007<\/p>\n<p>7.- 60 casos en 2006<\/p>\n<p>8.- 45 casos en 2005<\/p>\n<p>9.- 51 casos en 2004.<\/p>\n<p>\u201cA estos 155 casos de agresiones contra trabajadores de la prensa en lo que va de 2014 se les deben sumar los casos de ataques a medios de comunicaci\u00f3n, casos de censura, procedimientos judiciales y administrativos, agresiones a infociudadanos, ataques inform\u00e1ticos, negociaciones de empresas de comunicaci\u00f3n y el cierre de medios; adem\u00e1s de la crisis del papel que se agrava cada d\u00eda m\u00e1s, y por la que miles de trabajadores ven amenazada su estabilidad laboral\u201d.<\/p>\n<p>De seguir por este rumbo, 2014 ser\u00e1 uno de los a\u00f1os m\u00e1s oscuros para la libertad de expresi\u00f3n y el derecho a la informaci\u00f3n en Venezuela.<\/p>\n<p>Las declaraciones fueron dadas durante una presentaci\u00f3n en el foro \u201c\u00bfQu\u00e9 sucede en Venezuela con los derechos humanos?\u201d, que tuvo lugar en el estado Nueva Esparta. En el encuentro participaron representantes de Amnist\u00eda Internacional, Centro de Derechos Humanos de la UCAB, Provea, Acci\u00f3n Solidaria, Observatorio Venezolano de Prisiones y ONG Nueva Esparta en Movimiento.<\/p>\n<p><b>Fuente: El Nacional.<\/b><\/p>\n<p><b>V\u00eda: Prensa CNP Caracas.<\/b> <\/p>\n","protected":false},"excerpt":{"rendered":"<p>CARACAS.- El secretario general del Sindicato Nacional de los Trabajadores de la Prensa, Marco Ruiz, alert\u00f3 que el 2014 se convertir\u00e1 en el a\u00f1o de la \u00faltima d\u00e9cada con m\u00e1s violaciones al derecho a la libertad de expresi\u00f3n e informaci\u00f3n en Venezuela. Ruiz asegur\u00f3 que desde las elecciones presidenciales del 14 de abril de 2013, &hellip;<\/p>\n","protected":false},"author":1,"featured_media":21714,"comment_status":"open","ping_status":"open","sticky":false,"template":"","format":"standard","meta":{"footnotes":""},"categories":[1326,6],"tags":[1164],"class_list":["post-21713","post","type-post","status-publish","format-standard","has-post-thumbnail","hentry","category-crisis-en-venezuela-2","category-ojo-avizor","tag-crisis-en-venezuela"],"_links":{"self":[{"href":"https:\/\/contraluzcucuta.co\/index.php?rest_route=\/wp\/v2\/posts\/21713","targetHints":{"allow":["GET"]}}],"collection":[{"href":"https:\/\/contraluzcucuta.co\/index.php?rest_route=\/wp\/v2\/posts"}],"about":[{"href":"https:\/\/contraluzcucuta.co\/index.php?rest_route=\/wp\/v2\/types\/post"}],"author":[{"embeddable":true,"href":"https:\/\/contraluzcucuta.co\/index.php?rest_route=\/wp\/v2\/users\/1"}],"replies":[{"embeddable":true,"href":"https:\/\/contraluzcucuta.co\/index.php?rest_route=%2Fwp%2Fv2%2Fcomments&post=21713"}],"version-history":[{"count":1,"href":"https:\/\/contraluzcucuta.co\/index.php?rest_route=\/wp\/v2\/posts\/21713\/revisions"}],"predecessor-version":[{"id":21715,"href":"https:\/\/contraluzcucuta.co\/index.php?rest_route=\/wp\/v2\/posts\/21713\/revisions\/21715"}],"wp:featuredmedia":[{"embeddable":true,"href":"https:\/\/contraluzcucuta.co\/index.php?rest_route=\/wp\/v2\/media\/21714"}],"wp:attachment":[{"href":"https:\/\/contraluzcucuta.co\/index.php?rest_route=%2Fwp%2Fv2%2Fmedia&parent=21713"}],"wp:term":[{"taxonomy":"category","embeddable":true,"href":"https:\/\/contraluzcucuta.co\/index.php?rest_route=%2Fwp%2Fv2%2Fcategories&post=21713"},{"taxonomy":"post_tag","embeddable":true,"href":"https:\/\/contraluzcucuta.co\/index.php?rest_route=%2Fwp%2Fv2%2Ftags&post=21713"}],"curies":[{"name":"wp","href":"https:\/\/api.w.org\/{rel}","templated":true}]}}