{"id":21710,"date":"2014-05-25T19:07:19","date_gmt":"2014-05-26T00:07:19","guid":{"rendered":"http:\/\/contraluzcucuta.co\/?p=21710"},"modified":"2014-05-27T22:51:34","modified_gmt":"2014-05-28T03:51:34","slug":"notas-al-margen-hora-de-responsabilidades-y-posibilidades","status":"publish","type":"post","link":"https:\/\/contraluzcucuta.co\/?p=21710","title":{"rendered":"NOTAS AL MARGEN. Hora de responsabilidades y posibilidades"},"content":{"rendered":"<p><span style=\"line-height: 1.5em;\">1.- la defensa, proyecci\u00f3n y vivencia de la frontera solo tendr\u00e1n la fuerza y el vigor que anhelamos quienes creemos en las opciones y las oportunidades que posee cuando se supere y venza, con entusiasmo y esmero, la pasiva concurrencia de la asociaci\u00f3n y la ausencia de una labor m\u00e1s integrada y en equipo. S\u00ed, nos hacen falta actitudes y conductas con mayor entereza y aplicaci\u00f3n para salir del letargo y del paulatino decaer de una zona y regi\u00f3n, que si bien es cierto ha sido sacudida por el impacto de lo que ha sucedido en Venezuela, tambi\u00e9n es evidente que aqu\u00ed debe suscitarse una reacci\u00f3n que propicie entendimientos, an\u00e1lisis y alternativas para salir de la crisis mediante gestiones y empe\u00f1os que permitan hallar soluciones y vivencias de contenido y alcance mayor que\u00a0 comprometan y beneficien a todos.<\/span><\/p>\n<p>Seguir creyendo que Bogot\u00e1 y Caracas solucionar\u00e1n nuestros problemas, sin presencia y participaci\u00f3n aut\u00e9ntica y sentida de la gente que conforman y dan vigencia a nuestra raz\u00f3n de ser como regi\u00f3n y faja territorial de singular prioridad e importancia, constituir\u00eda un error de las m\u00e1s desarticuladas y perjudiciales\u00a0 concepciones. \u00bfPor qu\u00e9?\u00a0 Porque como \u00e1rea perimetral y como frontera somos\u00a0 una zona o regi\u00f3n de caracter\u00edsticas y condiciones especiales, que requiere, y hasta exige, un trato y consideraci\u00f3n que sea acorde con nuestras necesidades e implicaciones permanentes y de car\u00e1cter binacional, en muchos casos. De ah\u00ed, la urgencia y la conveniencia de una atenci\u00f3n convincente y visionaria desde los poderes centrales y con criterios valederos en lo atinente al enfoque que debe predominar sobre lo fronterizo.<\/p>\n<p>Por eso, la Gobernaci\u00f3n, las alcald\u00edas y los organismos de responsabilidad profesional, gremial o laboral, como la C\u00e1mara de Comercio de C\u00facuta, para solo aludir a lo m\u00e1s representativo y de obligada convergencia en la acci\u00f3n, son los m\u00e1s directos e indispensables medios para que mediante convocatorias generales y evaluaciones de fondo, propicien actos de presencia participativa, sobre los diversos sectores que componen e integran la sociedad de estos n\u00facleos humanos de \u201c doble y\u00a0 distinta\u00a0 presencia e idiosincrasia\u201d.<\/p>\n<p>2.- \u00a0Lo anotamos, como aporte a lo que se debe hacer, porque el enroscarse en la espera de los mejores tiempos o en la convocatoria a los mismos, pero sin escuchar a los dem\u00e1s, en procura de propuestas y alternativas, constituir\u00eda una falla proverbial, que debilitar\u00e1 cualquier salida articulada y de calidad, en su contenido. Adem\u00e1s, no es esta la hora para encerramientos o para posturas sin perspectivas, sino para la descentralizaci\u00f3n y la mayor representatividad.<\/p>\n<p>3.- La situaci\u00f3n y el momento que viven la regi\u00f3n y la frontera son para dar comienzo al gran cambio y trasformaci\u00f3n que \u2013en muchos \u00f3rdenes &#8211;\u00a0 requiere esta esquina de la rep\u00fablica y este lugar de confluencia y de proyecci\u00f3n internacional.<\/p>\n<p>Contrario a todo supuesto mini detallista\u00a0 \u00bfpor qu\u00e9 no darle vida a una gran zona de desarrollo binacional, implementando parques industriales y tecnol\u00f3gicos y una gran zona aduanera especial\u00a0 y de\u00a0 asistencia financiera internacional?<\/p>\n<p>S\u00ed, esta es una hora de prueba y de responsabilidades, pero de muchas posibilidades y oportunidades, siempre y cuando se obre compartiendo y abriendo nuevos caminos y rutas.<\/p>\n<p><b>JOS\u00c9 NEIRA REY<\/b><\/p>\n<p><b><a href=\"mailto:jneirarey@hotmail.com\">jneirarey@hotmail.com<\/a><\/b><\/p>\n<p><b>Notas al\u00a0 margen\u00a0\u00a0<\/b> <\/p>\n","protected":false},"excerpt":{"rendered":"<p>1.- la defensa, proyecci\u00f3n y vivencia de la frontera solo tendr\u00e1n la fuerza y el vigor que anhelamos quienes creemos en las opciones y las oportunidades que posee cuando se supere y venza, con entusiasmo y esmero, la pasiva concurrencia de la asociaci\u00f3n y la ausencia de una labor m\u00e1s integrada y en equipo. S\u00ed, &hellip;<\/p>\n","protected":false},"author":1,"featured_media":21711,"comment_status":"open","ping_status":"open","sticky":false,"template":"","format":"standard","meta":{"footnotes":""},"categories":[14,6],"tags":[382,956],"class_list":["post-21710","post","type-post","status-publish","format-standard","has-post-thumbnail","hentry","category-articulistas","category-ojo-avizor","tag-jose-neira","tag-notas-al-margen"],"_links":{"self":[{"href":"https:\/\/contraluzcucuta.co\/index.php?rest_route=\/wp\/v2\/posts\/21710","targetHints":{"allow":["GET"]}}],"collection":[{"href":"https:\/\/contraluzcucuta.co\/index.php?rest_route=\/wp\/v2\/posts"}],"about":[{"href":"https:\/\/contraluzcucuta.co\/index.php?rest_route=\/wp\/v2\/types\/post"}],"author":[{"embeddable":true,"href":"https:\/\/contraluzcucuta.co\/index.php?rest_route=\/wp\/v2\/users\/1"}],"replies":[{"embeddable":true,"href":"https:\/\/contraluzcucuta.co\/index.php?rest_route=%2Fwp%2Fv2%2Fcomments&post=21710"}],"version-history":[{"count":1,"href":"https:\/\/contraluzcucuta.co\/index.php?rest_route=\/wp\/v2\/posts\/21710\/revisions"}],"predecessor-version":[{"id":21712,"href":"https:\/\/contraluzcucuta.co\/index.php?rest_route=\/wp\/v2\/posts\/21710\/revisions\/21712"}],"wp:featuredmedia":[{"embeddable":true,"href":"https:\/\/contraluzcucuta.co\/index.php?rest_route=\/wp\/v2\/media\/21711"}],"wp:attachment":[{"href":"https:\/\/contraluzcucuta.co\/index.php?rest_route=%2Fwp%2Fv2%2Fmedia&parent=21710"}],"wp:term":[{"taxonomy":"category","embeddable":true,"href":"https:\/\/contraluzcucuta.co\/index.php?rest_route=%2Fwp%2Fv2%2Fcategories&post=21710"},{"taxonomy":"post_tag","embeddable":true,"href":"https:\/\/contraluzcucuta.co\/index.php?rest_route=%2Fwp%2Fv2%2Ftags&post=21710"}],"curies":[{"name":"wp","href":"https:\/\/api.w.org\/{rel}","templated":true}]}}