{"id":21707,"date":"2014-05-25T18:45:04","date_gmt":"2014-05-25T23:45:04","guid":{"rendered":"http:\/\/contraluzcucuta.co\/?p=21707"},"modified":"2014-05-27T22:50:49","modified_gmt":"2014-05-28T03:50:49","slug":"tejido-empresarial-el-comercio-genera-561-del-empleo-en-cucuta","status":"publish","type":"post","link":"https:\/\/contraluzcucuta.co\/?p=21707","title":{"rendered":"TEJIDO EMPRESARIAL. El comercio genera 56,1 % del empleo en C\u00facuta"},"content":{"rendered":"<p><b style=\"line-height: 1.5em;\">C\u00daCUTA.-<\/b><span style=\"line-height: 1.5em;\"> Las caracter\u00edsticas de los sectores econ\u00f3micos y las unidades econ\u00f3micas son determinantes en la solidez y la competitividad del tejido empresarial de C\u00facuta. Una de las actividades predominantes es el comercio, aunque la miner\u00eda, el turismo, la agricultura y la industria tambi\u00e9n ocupan lugares destacados.<\/span><\/p>\n<p>El tejido empresarial del municipio presenta la siguiente estructura, por n\u00famero de unidades econ\u00f3micas: Comercio, 52,2 por ciento; servicios, 36,2 por ciento; industria, 10 por ciento; otras actividades, 1,2 por ciento.<\/p>\n<p>La oferta de los sectores de comercio y servicio se caracteriza de acuerdo con la composici\u00f3n por unidades econ\u00f3micas en actividades orientadas a satisfacer necesidades de consumo (tiendas 10 %, almacenes de ropa 10 %) y de prestaci\u00f3n de servicios con poco nivel de especializaci\u00f3n (peluquer\u00edas 6 %, restaurantes 6 %, cafeter\u00edas 6 %).<\/p>\n<p>La generaci\u00f3n de valor representado en productos finales e intermedios y la construcci\u00f3n de competencias productivas en el tejido empresarial se re\u00fanen en el sector empresarial.<\/p>\n<p>De acuerdo con el registro mercantil del 2012, el subsector industrial de textiles reuni\u00f3 casi el 50 por ciento de las unidades industriales, seguido por el de alimentos y bebidas, con 12 por ciento. Estos son los subsectores que tienen una mayor contribuci\u00f3n en la generaci\u00f3n del empleo industrial (Observatorio Econ\u00f3mico de la C\u00e1mara de Comercio de C\u00facuta \u2013 2012).<\/p>\n<p>En la mayor parte de los establecimientos industrial se llevan a cabo actividades que tienen posibilidades de desarrollarse con un mayor grado de satisfacci\u00f3n que promueven la especializaci\u00f3n de la oferta de la construcci\u00f3n de competencias que se traduzcan en ventajas competitivas.<\/p>\n<p>Uno de los factores socio-econ\u00f3micos \u00a0m\u00e1s importantes sobre el que influye y es influenciado el tejido empresarial es el empleo. Es fundamental determinar la calidad y la cantidad con la que es generado. De acuerdo con el Censo General 2005, la actividad que concentra el empleo en C\u00facuta es el comercio, con participaci\u00f3n del 56,1 por ciento; en segundo lugar est\u00e1n hoteles y restaurantes, con 12,2 por ciento, y en tercer lugar se encuentran las industrias manufactureras, con 9,5 por ciento.<\/p>\n<p>Los trabajadores vinculados por las actividades econ\u00f3micas del tejido empresarial tienen, en la mayor parte, estudios de secundaria (47 %), seguidos por los que tienen con alguna formaci\u00f3n profesional (25 %).<\/p>\n<p>Teniendo en cuenta las caracter\u00edsticas definidas por el Dane para la medici\u00f3n del empleo informal, se tiene para C\u00facuta que del total de unidades econ\u00f3micas censadas el 86 por ciento corresponde a establecimientos, negocios o unidades productivas de uno a cinco empleados, La actividad principal es el comercio, con 52,6 por ciento.<\/p>\n<p>En cuanto al tipo de ocupaci\u00f3n de la poblaci\u00f3n, el 21 por ciento corresponde a trabajadores por cuenta propia; el uno por ciento, a trabajadores familiares sin remuneraci\u00f3n, y uno por ciento, a empleos dom\u00e9sticos.<\/p>\n<p>La tasa de informalidad laboral, para el periodo de enero a marzo el 2013, alcanz\u00f3 el 71,7 por ciento en C\u00facuta. El promedio nacional fue de 49,5 por ciento. Lo que significa que gran parte de la poblaci\u00f3n ocupada en la capital de Norte de Santander (232.824 habitantes) carece de condiciones adecuadas de trabajo.<\/p>\n<p>La tasa de desempleo fue de 14,6 por ciento, de junio a agosto de 2013, una de las m\u00e1s bajas del a\u00f1o, con reducci\u00f3n del 1,4 por ciento respecto al mismo periodo del 2012 (Observatorio de la C\u00e1mara de Comercio).<\/p>\n<p><i>(Tomado del resumen ejecutivo: Caracterizaci\u00f3n Tejido empresarial C\u00facuta)<\/i> <\/p>\n","protected":false},"excerpt":{"rendered":"<p>C\u00daCUTA.- Las caracter\u00edsticas de los sectores econ\u00f3micos y las unidades econ\u00f3micas son determinantes en la solidez y la competitividad del tejido empresarial de C\u00facuta. Una de las actividades predominantes es el comercio, aunque la miner\u00eda, el turismo, la agricultura y la industria tambi\u00e9n ocupan lugares destacados. El tejido empresarial del municipio presenta la siguiente estructura, &hellip;<\/p>\n","protected":false},"author":1,"featured_media":21708,"comment_status":"open","ping_status":"open","sticky":false,"template":"","format":"standard","meta":{"footnotes":""},"categories":[541,36],"tags":[375,1422],"class_list":["post-21707","post","type-post","status-publish","format-standard","has-post-thumbnail","hentry","category-ciudad","category-la-voz-del-pueblo","tag-camara-de-comercio-de-cucuta","tag-tejido-empresarial-de-cucuta"],"_links":{"self":[{"href":"https:\/\/contraluzcucuta.co\/index.php?rest_route=\/wp\/v2\/posts\/21707","targetHints":{"allow":["GET"]}}],"collection":[{"href":"https:\/\/contraluzcucuta.co\/index.php?rest_route=\/wp\/v2\/posts"}],"about":[{"href":"https:\/\/contraluzcucuta.co\/index.php?rest_route=\/wp\/v2\/types\/post"}],"author":[{"embeddable":true,"href":"https:\/\/contraluzcucuta.co\/index.php?rest_route=\/wp\/v2\/users\/1"}],"replies":[{"embeddable":true,"href":"https:\/\/contraluzcucuta.co\/index.php?rest_route=%2Fwp%2Fv2%2Fcomments&post=21707"}],"version-history":[{"count":1,"href":"https:\/\/contraluzcucuta.co\/index.php?rest_route=\/wp\/v2\/posts\/21707\/revisions"}],"predecessor-version":[{"id":21709,"href":"https:\/\/contraluzcucuta.co\/index.php?rest_route=\/wp\/v2\/posts\/21707\/revisions\/21709"}],"wp:featuredmedia":[{"embeddable":true,"href":"https:\/\/contraluzcucuta.co\/index.php?rest_route=\/wp\/v2\/media\/21708"}],"wp:attachment":[{"href":"https:\/\/contraluzcucuta.co\/index.php?rest_route=%2Fwp%2Fv2%2Fmedia&parent=21707"}],"wp:term":[{"taxonomy":"category","embeddable":true,"href":"https:\/\/contraluzcucuta.co\/index.php?rest_route=%2Fwp%2Fv2%2Fcategories&post=21707"},{"taxonomy":"post_tag","embeddable":true,"href":"https:\/\/contraluzcucuta.co\/index.php?rest_route=%2Fwp%2Fv2%2Ftags&post=21707"}],"curies":[{"name":"wp","href":"https:\/\/api.w.org\/{rel}","templated":true}]}}