{"id":21701,"date":"2014-05-25T07:18:40","date_gmt":"2014-05-25T12:18:40","guid":{"rendered":"http:\/\/contraluzcucuta.co\/?p=21701"},"modified":"2014-05-25T07:18:40","modified_gmt":"2014-05-25T12:18:40","slug":"el-antivoto","status":"publish","type":"post","link":"https:\/\/contraluzcucuta.co\/?p=21701","title":{"rendered":"\u2018El ant\u00edvoto\u2019"},"content":{"rendered":"<p><span style=\"line-height: 1.5em;\">Negar la problem\u00e1tica de C\u00facuta ser\u00eda como abofetear la realidad y a los habitantes. Las precarias condiciones en las que viven muchos cucute\u00f1os en barrios populares, son tan s\u00f3lo unas gotas amargas en el r\u00edo de los inconvenientes miserables, que ha arrasado y destruido, cual avalancha, con buena parte de las bases de la sociedad.<\/span><\/p>\n<p>El olvido y la indiferencia de las entidades gubernamentales por los sectores econ\u00f3micos y sociales de la ciudad, son otras gotitas culpables de la crisis que vive C\u00facuta. En \u00e9poca de campa\u00f1a electoral se convierten en \u201cla meta para superar\u201d para los organismos burocr\u00e1ticos, pues buscan \u201cfrenar\u201d las dificultades de la regi\u00f3n.<\/p>\n<p>Despu\u00e9s de los comicios, las sonrisas y los besos a los ni\u00f1os, reaparecen las molestias y esos se\u00f1ores se van a disfrutar de los sueldos, pagados con dineros que son del pueblo y que a un votante del com\u00fan en un mes le servir\u00edan para comprar casa. La \u00fanica manera de volverles a ver la cara es mirando la basura publicitaria que queda despu\u00e9s de las votaciones.<\/p>\n<p>Los pol\u00edticos que han pisado suelo nortesantandereano dejan una duda latiente que nos cuesta responder, aunque en el fondo sabemos la respuesta, \u00bfser\u00e1n pol\u00edticos o ser\u00e1n estilistas? Porque en vez de manejar de manera correcta los asuntos de la regi\u00f3n, maquillan las dificultades que se viven sin que tengan soluci\u00f3n. Otros, simplemente, muestran la verdadera cara, dejan ver el \u201cmonstruo\u201d que llevan dentro, para no caer en malinterpretaciones. Definamos esa parte personal como el \u201cmonstruo pol\u00edtico\u201d que guarda cada parlamentario, cualidad que los lleva a La Picota y a\u00fan as\u00ed son considerados los mejores alcaldes, o los mejores presidentes del Senado cuando tienen nexos con paramilitares (seg\u00fan senadores amigos que tambi\u00e9n son investigados).<\/p>\n<p>Semanas atr\u00e1s, el exministro y formula vicepresidencial del candidato Juan Manuel Santos para las elecciones 2014, Germ\u00e1n Vargas Lleras, en una reuni\u00f3n con los simpatizantes de la campa\u00f1a en la ciudad, lamentablemente, protagoniz\u00f3 un bochornoso y singular hecho. Un concejal tom\u00f3 la palabra y agradeci\u00f3 al exministro por la visita a la capital de Norte de Santander, le explic\u00f3 que en la urbe el desempleo, el contrabando y la falta de inversi\u00f3n tienen en peligro la estabilidad econ\u00f3mica de la regi\u00f3n. El cabildante argument\u00f3 que las promesas del Gobierno no se han cumplido y que las gestiones de los gobernantes locales no han sido las adecuadas, que esta situaci\u00f3n es en parte culpable de las complicaciones de la ciudad. De manera diplom\u00e1tica, el candidato a la vicepresidencia por Cambio Radical (partido al que pertenece el concejal) respondi\u00f3 que el objetivo de la presencia en C\u00facuta \u201cera reunirse con los amigos de campa\u00f1a, y no de criticar el manejo de la ciudad por parte del Alcalde\u201d. Se levant\u00f3 de la mesa y abandon\u00f3 el recinto.<\/p>\n<p>Pobre f\u00f3rmula vicepresidencial, teniendo \u201cmucho por hacer\u201d (parte del lema del partido Unidad Nacional) y los plebeyos, los de la periferia, molest\u00e1ndolo con inconvenientes mundanos. En vez de incomodarlo con nuestras dificultades deber\u00edamos agradecerle por haber venido a esta tierra olvidada y poco civilizada, deber\u00edamos apoyarlo y a Juan Manuel Santos en las urnas el 25 de mayo, deber\u00edamos agradecerle que por unos minutos se baj\u00f3 del pedestal pol\u00edtico y alegr\u00f3 la velada con la grata presencia \u00a1pero jam\u00e1s perturbarlo con nuestras amarguras!<\/p>\n<p>\u00bfC\u00f3mo podemos ser tan inconscientes y desconsiderados? \u00bfC\u00f3mo le vamos a mencionar el contrabando? \u00bfC\u00f3mo hablarle de la desigualdad social? \u00bfC\u00f3mo abrumarlo, cont\u00e1ndole sobre la mala condici\u00f3n de los hospitales? \u00bfC\u00f3mo fastidiarlo con el cuentico de la inversi\u00f3n para la educaci\u00f3n? \u00bfC\u00f3mo irritarlo insinu\u00e1ndole que las casas de inversi\u00f3n social no est\u00e1n construidas como deber\u00edan? \u00bfC\u00f3mo rogarle m\u00e1s presencia del Estado? \u00bfQu\u00e9 clase de personas somos? Deber\u00edamos declarar persona no grata a ese cabildante entremetido, capaz de exponer sus puntos de vista.<\/p>\n<p>Sin duda, Germ\u00e1n Vargas Lleras se llevar\u00e1 un \u00e1cido recuerdo de la visita a la \u2018Perla del Norte\u2019, tierra de resignados, indignados, de ciudadanos \u2018promedio\u2019.<\/p>\n<p>Juan Manuel Santos, de cierta manera, tiene ganada una parte de la Presidencia, no por ser la candidatura ideal, sino porque muchos votantes creen que es la postulaci\u00f3n con la que menos se puede perder, aunque con todo lo que en Colombia se ha perdido, ser\u00eda imposible caer m\u00e1s bajo. Despu\u00e9s de todo, como lo dice una valla publicitaria en Villa del Rosario,\u00a0 \u201cLo visto y lo mantengo, la plata alcanza para todos\u201d, empezar\u00e1n a darles un poco de mermelada a los que tienen verdadera hambre.<\/p>\n<p>En C\u00facuta, Norte de Santander y en Colombia estamos cansados de esos pol\u00edticos que con tres sonrisas (y como en nuestro caso) con 20.000 promesas en campa\u00f1a, porque han acabado con lo que queda de nuestro pa\u00eds, de nuestra \u2018Perla del Norte\u2019, \u2018Port\u00f3n de la Frontera\u2019, que con las bisagras oxidadas espera el momento en el que le roben, de una vez por todas, hasta las puertas.<\/p>\n<p><b>JONNATHAN FUENTES<\/b> <\/p>\n","protected":false},"excerpt":{"rendered":"<p>Negar la problem\u00e1tica de C\u00facuta ser\u00eda como abofetear la realidad y a los habitantes. Las precarias condiciones en las que viven muchos cucute\u00f1os en barrios populares, son tan s\u00f3lo unas gotas amargas en el r\u00edo de los inconvenientes miserables, que ha arrasado y destruido, cual avalancha, con buena parte de las bases de la sociedad. &hellip;<\/p>\n","protected":false},"author":1,"featured_media":21702,"comment_status":"open","ping_status":"open","sticky":false,"template":"","format":"standard","meta":{"footnotes":""},"categories":[14,4],"tags":[1099],"class_list":["post-21701","post","type-post","status-publish","format-standard","has-post-thumbnail","hentry","category-articulistas","category-barra","tag-elecciones-2014"],"_links":{"self":[{"href":"https:\/\/contraluzcucuta.co\/index.php?rest_route=\/wp\/v2\/posts\/21701","targetHints":{"allow":["GET"]}}],"collection":[{"href":"https:\/\/contraluzcucuta.co\/index.php?rest_route=\/wp\/v2\/posts"}],"about":[{"href":"https:\/\/contraluzcucuta.co\/index.php?rest_route=\/wp\/v2\/types\/post"}],"author":[{"embeddable":true,"href":"https:\/\/contraluzcucuta.co\/index.php?rest_route=\/wp\/v2\/users\/1"}],"replies":[{"embeddable":true,"href":"https:\/\/contraluzcucuta.co\/index.php?rest_route=%2Fwp%2Fv2%2Fcomments&post=21701"}],"version-history":[{"count":1,"href":"https:\/\/contraluzcucuta.co\/index.php?rest_route=\/wp\/v2\/posts\/21701\/revisions"}],"predecessor-version":[{"id":21703,"href":"https:\/\/contraluzcucuta.co\/index.php?rest_route=\/wp\/v2\/posts\/21701\/revisions\/21703"}],"wp:featuredmedia":[{"embeddable":true,"href":"https:\/\/contraluzcucuta.co\/index.php?rest_route=\/wp\/v2\/media\/21702"}],"wp:attachment":[{"href":"https:\/\/contraluzcucuta.co\/index.php?rest_route=%2Fwp%2Fv2%2Fmedia&parent=21701"}],"wp:term":[{"taxonomy":"category","embeddable":true,"href":"https:\/\/contraluzcucuta.co\/index.php?rest_route=%2Fwp%2Fv2%2Fcategories&post=21701"},{"taxonomy":"post_tag","embeddable":true,"href":"https:\/\/contraluzcucuta.co\/index.php?rest_route=%2Fwp%2Fv2%2Ftags&post=21701"}],"curies":[{"name":"wp","href":"https:\/\/api.w.org\/{rel}","templated":true}]}}