{"id":21698,"date":"2014-05-24T17:50:08","date_gmt":"2014-05-24T22:50:08","guid":{"rendered":"http:\/\/contraluzcucuta.co\/?p=21698"},"modified":"2014-05-24T17:50:08","modified_gmt":"2014-05-24T22:50:08","slug":"eleccion-presidencial-negros-invitan-a-votar-en-blanco","status":"publish","type":"post","link":"https:\/\/contraluzcucuta.co\/?p=21698","title":{"rendered":"ELECCI\u00d3N PRESIDENCIAL. Negros invitan a votar en blanco"},"content":{"rendered":"<p><span style=\"line-height: 1.5em;\">Estamos en la recta final de lo que son los pasos fundamentales para trasformar nuestros sue\u00f1os, en realidades, como adquirir valor pol\u00edtico y dejar de ser una fuerza electoral de potencial disperso, que por siglos le ha dado el poder, o ha sido obligada a votar por otros, pero que ahora, empieza a pensar en s\u00ed mismo.<\/span><\/p>\n<p>Este es un Plan de Desarrollo Pol\u00edtico para el Pueblo Afrocolombiano y aunque muchos tomen otros caminos, pues es su derecho, seguiremos explorando esta ruta que busca voltear la arepa, que no se obsequia ni se vende, que no negocia ni regala lo que es nuestro derecho, que no paga, por lo que podemos conseguir gratis, porque en este pa\u00eds se nos debe mucho \u00a0y ni una disculpa hemos recibido por los millones de agravios recibidos, por el robo de nuestros territorios y los cientos de vidas sacrificadas, truncadas y condenadas al subdesarrollo y la miseria, pero no se preocupen, el honesto tambi\u00e9n progresa, aunque se demore un poco mas, y ha llegado nuestro tiempo.<\/p>\n<p>Pero bueno, como dec\u00eda mi abuelo: &#8216;de arriba te tumba cualquiera, pero de abajo, tienes que salir solo&#8217;, por ello la invitaci\u00f3n sigue siendo a votar en blanco, porque hemos descubierto en pol\u00edtica se hace peso o contrapeso, pero por 512 a\u00f1os se pens\u00f3 que al hacer peso nos ir\u00eda bien, y cada uno dir\u00e1 si ha resultado o no, as\u00ed que hemos planeado riesgos y costos, que sigamos cuatro a\u00f1os igual, contra la posibilidad de un candidato impulsado por el pueblo afro, que nos estructuremos pol\u00edticamente, que saquemos una lista afro al senado en las elecciones 2018, que dejemos de ser visto como simples usuarios y objetos electorales, empecemos a ser tratados como los seres humanos que somos.<\/p>\n<p>&nbsp;<\/p>\n<p>&nbsp; <\/p>\n","protected":false},"excerpt":{"rendered":"<p>Estamos en la recta final de lo que son los pasos fundamentales para trasformar nuestros sue\u00f1os, en realidades, como adquirir valor pol\u00edtico y dejar de ser una fuerza electoral de potencial disperso, que por siglos le ha dado el poder, o ha sido obligada a votar por otros, pero que ahora, empieza a pensar en &hellip;<\/p>\n","protected":false},"author":1,"featured_media":21699,"comment_status":"open","ping_status":"open","sticky":false,"template":"","format":"standard","meta":{"footnotes":""},"categories":[14,4],"tags":[1099],"class_list":["post-21698","post","type-post","status-publish","format-standard","has-post-thumbnail","hentry","category-articulistas","category-barra","tag-elecciones-2014"],"_links":{"self":[{"href":"https:\/\/contraluzcucuta.co\/index.php?rest_route=\/wp\/v2\/posts\/21698","targetHints":{"allow":["GET"]}}],"collection":[{"href":"https:\/\/contraluzcucuta.co\/index.php?rest_route=\/wp\/v2\/posts"}],"about":[{"href":"https:\/\/contraluzcucuta.co\/index.php?rest_route=\/wp\/v2\/types\/post"}],"author":[{"embeddable":true,"href":"https:\/\/contraluzcucuta.co\/index.php?rest_route=\/wp\/v2\/users\/1"}],"replies":[{"embeddable":true,"href":"https:\/\/contraluzcucuta.co\/index.php?rest_route=%2Fwp%2Fv2%2Fcomments&post=21698"}],"version-history":[{"count":1,"href":"https:\/\/contraluzcucuta.co\/index.php?rest_route=\/wp\/v2\/posts\/21698\/revisions"}],"predecessor-version":[{"id":21700,"href":"https:\/\/contraluzcucuta.co\/index.php?rest_route=\/wp\/v2\/posts\/21698\/revisions\/21700"}],"wp:featuredmedia":[{"embeddable":true,"href":"https:\/\/contraluzcucuta.co\/index.php?rest_route=\/wp\/v2\/media\/21699"}],"wp:attachment":[{"href":"https:\/\/contraluzcucuta.co\/index.php?rest_route=%2Fwp%2Fv2%2Fmedia&parent=21698"}],"wp:term":[{"taxonomy":"category","embeddable":true,"href":"https:\/\/contraluzcucuta.co\/index.php?rest_route=%2Fwp%2Fv2%2Fcategories&post=21698"},{"taxonomy":"post_tag","embeddable":true,"href":"https:\/\/contraluzcucuta.co\/index.php?rest_route=%2Fwp%2Fv2%2Ftags&post=21698"}],"curies":[{"name":"wp","href":"https:\/\/api.w.org\/{rel}","templated":true}]}}