{"id":21692,"date":"2014-05-24T17:16:59","date_gmt":"2014-05-24T22:16:59","guid":{"rendered":"http:\/\/contraluzcucuta.co\/?p=21692"},"modified":"2014-05-24T17:16:59","modified_gmt":"2014-05-24T22:16:59","slug":"mi-voto-es-por-la-paz","status":"publish","type":"post","link":"https:\/\/contraluzcucuta.co\/?p=21692","title":{"rendered":"Mi voto es por la paz"},"content":{"rendered":"<p><span style=\"line-height: 1.5em;\">Debo reconocer que recib\u00ed con mucha alegr\u00eda la primicia informativa que dec\u00eda que al frente de los primeros contactos, que adelantaba el gobierno nacional con la insurgencia en la Habana \u2013Cuba, se encontraba el hermano del Presidente Santos, el periodista Enrique Santos Calder\u00f3n. Hab\u00eda tenido la oportunidad de conocer al combativo y cr\u00edtico periodista en los a\u00f1os de 1976 cuando con un destacado grupo de compa\u00f1eros decidimos bajarnos de la monta\u00f1a, constituir ese clamor que fue el Replanteamiento del ELN y buscar contacto con las fuerzas vivas de la sociedad colombiana que en esa \u00e9poca exig\u00edan y reclamaban urgentes condiciones pol\u00edticas que estaban bastante deprimidas en los grises tiempos del Frente Nacional.<\/span><\/p>\n<p><span style=\"line-height: 1.5em;\">Enrique Santos Calder\u00f3n era en ese momento Director del Semanario Alternativa que dirig\u00eda junto a connotados e importantes periodistas de la \u00e9poca entre los que sobresal\u00edan el inolvidable escritor y Premio Nobel de Literatura Gabriel Garc\u00eda M\u00e1rquez, Antonio Caballero y Jorge Restrepo, entre otros. En esas reuniones siempre se destacaba su imagen y su an\u00e1lisis pol\u00edtico que reclamaba desde ya la construcci\u00f3n de un frente de acci\u00f3n pol\u00edtica entre todos los sectores de izquierda para que asumiera la tarea de elaborar una propuesta nacional permitiendo a los colombianos arribar al poder por la v\u00eda de la organizaci\u00f3n social y de elecciones populares.<\/span><\/p>\n<p><span style=\"line-height: 1.5em;\">Por eso, debo decir que entend\u00ed el profundo compromiso que asumi\u00f3 el Presidente Juan Manuel Santos con la penosa tarea de la Paz cuando coloc\u00f3 al frente de estos esfuerzos a su hermano \u00a0y el inclaudicable compromiso de llevar este complejo proceso con la insurgencia hasta sus \u00faltimas consecuencias. Si alguien conoc\u00eda, de verdad, las profundidades de este proceso era su hermano Enrique y al designarlo como tal ratificaba, como un homenaje a la sociedad colombiana, \u00a0el deseo expreso de llegar hasta la firma de los Acuerdos.<\/span><\/p>\n<p><span style=\"line-height: 1.5em;\">Desde esos tiempos en que oficialmente se dio inicio a los di\u00e1logos de paz, contando siempre con la generosa ayuda y colaboraci\u00f3n de la hermana Rep\u00fablica de Cuba, el acompa\u00f1amiento solidario de gobiernos amigos como Venezuela, \u00a0Noruega y toda la comunidad internacional, hemos estado en la Universidad Pedag\u00f3gica Nacional \u2013Programa de Paz-, ayudando y estimulando \u00a0junto con el profesor Alejo Vargas Vel\u00e1squez de la Universidad Nacional de Colombia para que estos complejos, pero ansiados procesos sean comprendidos y apoyados con el fin de que lleguen pronto a su mejor destino.<\/span><\/p>\n<p><span style=\"line-height: 1.5em;\">No es f\u00e1cil el di\u00e1logo por la Paz, m\u00faltiples contradicciones e intereses se mueven en constante ebullici\u00f3n a su interior, haciendo lento su necesario avance. Pero reconocemos con alegr\u00eda que ya superamos el tercero de los de cinco puntos de la agenda del di\u00e1logo y un aire refrescante y esperanzador se siente en este largo camino. Nos faltan solo dos puntos y el Presidente Santos se ha comprometido, casi que contra viento y marea, a llevarlos a feliz t\u00e9rmino. Para este esfuerzo que dividir\u00e1 la historia de Colombia entre los tiempos de la guerra y la construcci\u00f3n real y efectiva de la sociedad del postconflicto ha pedido la ayuda y la colaboraci\u00f3n de todos los colombianos, para que ratifiquen con su voto, el domingo 25 de mayo del a\u00f1o en curso, su elecci\u00f3n a la Presidencia de la Rep\u00fablica en el periodo 2014-2018.<\/span><\/p>\n<p><span style=\"line-height: 1.5em;\">Nosotros conscientes y comprometidos \u00a0como hemos estado siempre por la construcci\u00f3n de la Paz queremos, muy respetuosamente, llamar a todos nuestros amigos que hemos vivido y sufrido los flagelos de la guerra a no desaprovechar esta feliz oportunidad de llegar a la Paz y poder brindar a las generaciones presentes y futuras, la posibilidad real que tenemos entre todos los colombianos de buena voluntad de ayudar a construir el Proyecto Pol\u00edtico de Naci\u00f3n de nuestros sue\u00f1os, basado en la justicia social, la equidad, la \u00e9tica y la solidaridad.<\/span><\/p>\n<p><span style=\"line-height: 1.5em;\">Pero tambi\u00e9n es nuestra obligaci\u00f3n decir que como nunca, aquellos colombianos amantes de la guerra y de la violencia han vuelto a la confrontaci\u00f3n pol\u00edtica y social para enlodar estos esfuerzos y no permitir que el sue\u00f1o de Paz de los colombianos se haga una realidad.<\/span><\/p>\n<p><span style=\"line-height: 1.5em;\">Por eso la situaci\u00f3n que vivimos es muy compleja y altamente peligrosa. De llegar al poder, nuevamente, los instigadores de la violencia, los que siempre han negado la existencia del conflicto al interior de la sociedad colombiana, supondr\u00e1 \u00a0un largo y doloroso retraso en el camino de la Paz y nuevamente esa cultura de violencia, de los falsos positivos, de los bombardeos indiscriminados a los territorios de los pa\u00edses hermanos, volver\u00e1 a estar al orden del d\u00eda. La Universidad colombiana conoce hasta la saciedad estos oscuros y sangrientos procederes. La sangre aun caliente del asesinado profesor universitario en Barranquilla Alfredo Correa de Andreis \u00a0est\u00e1 presente record\u00e1ndonos que no pueden volver al poder los que han ayudado a ensangrentar aun mucho m\u00e1s nuestra sufrida sociedad.<\/span><\/p>\n<p><span style=\"line-height: 1.5em;\">Por eso, sin ambages, con firmeza, decisi\u00f3n y grandeza votemos por el Presidente Santos para que termine su compromiso hist\u00f3rico de llevar a Colombia hasta la firma de la Paz y la construcci\u00f3n de la nueva sociedad donde juntos podamos derrotar la pobreza y la violencia que tanto da\u00f1o nos han hecho. Mi voto entonces ser\u00e1 por el Presidente Santos para lograr este objetivo.<\/span><\/p>\n<p><b>ALONSO OJEDA AWAD<\/b><\/p>\n<p><b>Exembajador de colombia<\/b><b><\/b><\/p>\n<p><b>Director programa paz. Universidad Pedag\u00f3gica Nacional \u00a0\u00a0<\/b><b><\/b><\/p>\n<p>&nbsp; <\/p>\n","protected":false},"excerpt":{"rendered":"<p>Debo reconocer que recib\u00ed con mucha alegr\u00eda la primicia informativa que dec\u00eda que al frente de los primeros contactos, que adelantaba el gobierno nacional con la insurgencia en la Habana \u2013Cuba, se encontraba el hermano del Presidente Santos, el periodista Enrique Santos Calder\u00f3n. Hab\u00eda tenido la oportunidad de conocer al combativo y cr\u00edtico periodista en &hellip;<\/p>\n","protected":false},"author":1,"featured_media":21693,"comment_status":"open","ping_status":"open","sticky":false,"template":"","format":"standard","meta":{"footnotes":""},"categories":[14,4],"tags":[1004],"class_list":["post-21692","post","type-post","status-publish","format-standard","has-post-thumbnail","hentry","category-articulistas","category-barra","tag-alonso-ojeda-awad"],"_links":{"self":[{"href":"https:\/\/contraluzcucuta.co\/index.php?rest_route=\/wp\/v2\/posts\/21692","targetHints":{"allow":["GET"]}}],"collection":[{"href":"https:\/\/contraluzcucuta.co\/index.php?rest_route=\/wp\/v2\/posts"}],"about":[{"href":"https:\/\/contraluzcucuta.co\/index.php?rest_route=\/wp\/v2\/types\/post"}],"author":[{"embeddable":true,"href":"https:\/\/contraluzcucuta.co\/index.php?rest_route=\/wp\/v2\/users\/1"}],"replies":[{"embeddable":true,"href":"https:\/\/contraluzcucuta.co\/index.php?rest_route=%2Fwp%2Fv2%2Fcomments&post=21692"}],"version-history":[{"count":1,"href":"https:\/\/contraluzcucuta.co\/index.php?rest_route=\/wp\/v2\/posts\/21692\/revisions"}],"predecessor-version":[{"id":21694,"href":"https:\/\/contraluzcucuta.co\/index.php?rest_route=\/wp\/v2\/posts\/21692\/revisions\/21694"}],"wp:featuredmedia":[{"embeddable":true,"href":"https:\/\/contraluzcucuta.co\/index.php?rest_route=\/wp\/v2\/media\/21693"}],"wp:attachment":[{"href":"https:\/\/contraluzcucuta.co\/index.php?rest_route=%2Fwp%2Fv2%2Fmedia&parent=21692"}],"wp:term":[{"taxonomy":"category","embeddable":true,"href":"https:\/\/contraluzcucuta.co\/index.php?rest_route=%2Fwp%2Fv2%2Fcategories&post=21692"},{"taxonomy":"post_tag","embeddable":true,"href":"https:\/\/contraluzcucuta.co\/index.php?rest_route=%2Fwp%2Fv2%2Ftags&post=21692"}],"curies":[{"name":"wp","href":"https:\/\/api.w.org\/{rel}","templated":true}]}}