{"id":21689,"date":"2014-05-24T17:03:34","date_gmt":"2014-05-24T22:03:34","guid":{"rendered":"http:\/\/contraluzcucuta.co\/?p=21689"},"modified":"2014-05-24T17:03:34","modified_gmt":"2014-05-24T22:03:34","slug":"la-politica-y-los-ciudadanos","status":"publish","type":"post","link":"https:\/\/contraluzcucuta.co\/?p=21689","title":{"rendered":"La pol\u00edtica y los ciudadanos"},"content":{"rendered":"<p><span style=\"line-height: 1.5em;\">Existe una conciencia colectiva que no come cuento ni entero y tiene una moral mayor que indica su capacidad para modificar si se desea, situaciones claves de nuestra vida nacional. La clase pol\u00edtica, sea la que sea o que represente las diversas tendencias ideol\u00f3gicas, hoy es inferior a la sociedad que dice defender y ha pasado a ser una verg\u00fcenza de nuestro pa\u00eds. Este hecho es de suma gravedad, pues pone al pa\u00eds en grave riesgo de perder el rumbo.<\/span><\/p>\n<p>No podemos perder de vista, que esa conciencia colectiva tambi\u00e9n indica una inteligencia colectiva que no debe generar odios ni pasiones en una sociedad como la colombiana que deber\u00eda estar hastiada de tanta violencia. Porque Colombia sufre de mucha violencia desde su nacimiento como naci\u00f3n y con ella han estado siempre presentes los partidos tradicionales, generando terribles \u00e9pocas como la llamada \u00e9poca de la violencia en los 40\u00b4s y comienzos de los 50\u00b4s y toda esta violencia de 50 a\u00f1os producida por las FARC, grupo ilegal de bandoleros, ahora narcotraficantes, terroristas y violadores permanentes de los derechos humanos, que ha hecho sufrir tanto al pueblo, que hoy se tapa con el cinismo, el enga\u00f1o y escudado por las nuevas tendencias retrogradas y antidemocr\u00e1ticas del mal llamado socialismo del siglo XXI y un pa\u00eds y sistema fallido, como lo es Cuba.<\/p>\n<p>Creo en la justicia colombiana, por ser uno de los poderes p\u00fablicos dentro del estado de derecho, pero no creo en la mayor\u00eda de quienes la imparten. Es muy f\u00e1cil ver la parcializaci\u00f3n en el Fiscal General, en el Procurador General, en las altas Cortes, en los jueces, en muchos casos en donde act\u00faan y muestran su inclinaci\u00f3n pol\u00edtica y de intereses personales. Pero aun as\u00ed creo en la Justicia colombiana, la que hoy debiera actuar con la rapidez, claridad e imparcialidad en analizar todos los casos que los medios exponen con tanto ah\u00ednco, incluso casi que acusando, se\u00f1alando y asegurando, sin que los casos est\u00e9n demostrados, sin estar a\u00fan bajo el rigor de la ley, ni hayan pasado las m\u00e1s rigurosas pruebas t\u00e9cnicas que hoy existen, da\u00f1ando a quien sea, sin importar la afectaci\u00f3n que pueda tener el pa\u00eds y sus ciudadanos. Porque con las tecnolog\u00edas actuales, es muy f\u00e1cil hacer lo que sea.<\/p>\n<p>Hay un presidente candidato, con derecho a serlo, pues as\u00ed est\u00e1 determinado por la ley, que tiene muchos lunares en su vida p\u00fablica, que pertenece a una \u00e9lite excluyente y que ha demostrado no tener escr\u00fapulos para lograr sus objetivos. El caso del almirante Arango Biacci, en donde sin rubor<\/p>\n<p>alguno, falsificaron documentos y hasta su firma para acusarlo de narcotr\u00e1fico o de ayudar a narcotraficantes, cuando el Se\u00f1or Santos era ministro de defensa, caso en el cual \u00c9l fue denunciado ante la fiscal\u00eda, pues al parecer el hoy candidato presidente actu\u00f3 para destruir sin contemplaci\u00f3n alguna al almirante, por asuntos personales, proceso que termin\u00f3 declarando inocente al Almirante Arango B. y al se\u00f1or santos impunemente se ocult\u00f3 ante las influencias y poder que tiene ante la justicia, es una peque\u00f1a muestra de sus escr\u00fapulos.<\/p>\n<p>Santos escogi\u00f3 a Angelino Garz\u00f3n como su f\u00f3rmula vicepresidencial solo con fines electorales, nunca obr\u00f3 con lealtad con El y luego lo maltrat\u00f3 en el cargo, incluso se burl\u00f3 y lo despreci\u00f3 despu\u00e9s que lo utiliz\u00f3, haciendo gala de su habilidad como manipulador y oportunista en el sentido de solo favorecer su inter\u00e9s personal.<\/p>\n<p>Santos tom\u00f3 el tema de la paz y lo convirti\u00f3 en su bandera pol\u00edtica, utilizando, manipulando y confundiendo a la opini\u00f3n p\u00fablica, convirtiendo en amigos de la paz quienes voten por El, como si \u00e9l fuera el \u00fanico due\u00f1o de la paz y convirtiendo en enemigos de la paz a quienes queri\u00e9ndola, necesitamos que sea un proceso transparente, claro y de frente a todos los ciudadanos. Enga\u00f1a cuando dice que ser\u00e1 sometida a un refer\u00e9ndum, pero eso encierra un gran peligro de que lo que se presente al pueblo no sea de su satisfacci\u00f3n, no favorezca al bien de todos los colombianos y se convierta en un tema de mayor violencia y rechazo. Por esto el proceso debe ser con la claridad debida y cada vez m\u00e1s incluyente de todos los ciudadanos. Santos es un presidente perfecto para la actual pol\u00edtica colombiana, plagada de abibatos, ladrones y sinverguenzas, que necesitan precisamente a una persona que cambie de opini\u00f3n con la facilidad del rayo, retroceda en decisiones y sea vol\u00e1til, como lo es este Se\u00f1or.<\/p>\n<p>Santos debiera explicar si recibi\u00f3 o no dineros del narcotr\u00e1fico, su relaci\u00f3n con el Se\u00f1or J.J. Rend\u00f3n y el Hacker denunciado, pues tambi\u00e9n lo tuvo en su campa\u00f1a.<\/p>\n<p>No creo en la campa\u00f1a reeleccionista, ni en la Unidad Nacional que la acompa\u00f1a en torno al presupuesto, a los puestos y todo lo que encierra este poder depredador. Creo en la identificaci\u00f3n de cada quien con su ideolog\u00eda pol\u00edtica y partido que dice representarla, pero lamento que nosotros los ciudadanos nos veamos traicionados por esa pol\u00edtica que generan los l\u00edderes que dirigen los partidos, que se unen o hacen alianzas perversas traicionando a quienes creen en ellos. M\u00e1s del 70% de los colombianos rechazamos la reelecci\u00f3n y por eso creo firmemente que en la segunda vuelta, habr\u00e1 una coalici\u00f3n de los dem\u00e1s partidos para apoyar a quien enfrente al candidato presidente, derrot\u00e1ndolo con contundencia y forzando a que Colombia emprenda un nuevo rumbo en la pol\u00edtica y el manejo del estado, tema de m\u00e1xima prioridad.<\/p>\n<p>Cada quien debe votar a conciencia, sin pasiones, por lo que crea es bueno para Colombia, pero desde ya no votar\u00e9 por este candidato presidente, porque no conf\u00edo en El, ni creo en su honestidad con el pa\u00eds. Cordial saludo a todos mis amigos.<\/p>\n<p><b>SEGUNDO ANTONIO GONZ\u00c1LEZ<\/b><\/p>\n<p>&nbsp; <\/p>\n","protected":false},"excerpt":{"rendered":"<p>Existe una conciencia colectiva que no come cuento ni entero y tiene una moral mayor que indica su capacidad para modificar si se desea, situaciones claves de nuestra vida nacional. La clase pol\u00edtica, sea la que sea o que represente las diversas tendencias ideol\u00f3gicas, hoy es inferior a la sociedad que dice defender y ha &hellip;<\/p>\n","protected":false},"author":1,"featured_media":21690,"comment_status":"open","ping_status":"open","sticky":false,"template":"","format":"standard","meta":{"footnotes":""},"categories":[14,4],"tags":[247],"class_list":["post-21689","post","type-post","status-publish","format-standard","has-post-thumbnail","hentry","category-articulistas","category-barra","tag-segundo-antonio-gonzalez"],"_links":{"self":[{"href":"https:\/\/contraluzcucuta.co\/index.php?rest_route=\/wp\/v2\/posts\/21689","targetHints":{"allow":["GET"]}}],"collection":[{"href":"https:\/\/contraluzcucuta.co\/index.php?rest_route=\/wp\/v2\/posts"}],"about":[{"href":"https:\/\/contraluzcucuta.co\/index.php?rest_route=\/wp\/v2\/types\/post"}],"author":[{"embeddable":true,"href":"https:\/\/contraluzcucuta.co\/index.php?rest_route=\/wp\/v2\/users\/1"}],"replies":[{"embeddable":true,"href":"https:\/\/contraluzcucuta.co\/index.php?rest_route=%2Fwp%2Fv2%2Fcomments&post=21689"}],"version-history":[{"count":1,"href":"https:\/\/contraluzcucuta.co\/index.php?rest_route=\/wp\/v2\/posts\/21689\/revisions"}],"predecessor-version":[{"id":21691,"href":"https:\/\/contraluzcucuta.co\/index.php?rest_route=\/wp\/v2\/posts\/21689\/revisions\/21691"}],"wp:featuredmedia":[{"embeddable":true,"href":"https:\/\/contraluzcucuta.co\/index.php?rest_route=\/wp\/v2\/media\/21690"}],"wp:attachment":[{"href":"https:\/\/contraluzcucuta.co\/index.php?rest_route=%2Fwp%2Fv2%2Fmedia&parent=21689"}],"wp:term":[{"taxonomy":"category","embeddable":true,"href":"https:\/\/contraluzcucuta.co\/index.php?rest_route=%2Fwp%2Fv2%2Fcategories&post=21689"},{"taxonomy":"post_tag","embeddable":true,"href":"https:\/\/contraluzcucuta.co\/index.php?rest_route=%2Fwp%2Fv2%2Ftags&post=21689"}],"curies":[{"name":"wp","href":"https:\/\/api.w.org\/{rel}","templated":true}]}}