{"id":21686,"date":"2014-05-24T16:48:24","date_gmt":"2014-05-24T21:48:24","guid":{"rendered":"http:\/\/contraluzcucuta.co\/?p=21686"},"modified":"2014-05-24T16:48:24","modified_gmt":"2014-05-24T21:48:24","slug":"rugby-carboneros-entre-los-grandes-de-colombia","status":"publish","type":"post","link":"https:\/\/contraluzcucuta.co\/?p=21686","title":{"rendered":"RUGBY- Carboneros entre los grandes de Colombia"},"content":{"rendered":"<p><b style=\"line-height: 1.5em;\">MEDELL\u00cdN.-<\/b><span style=\"line-height: 1.5em;\"> Carboneros representa a Norte de Santander en el primer nacional de\u00a0 clubes de Rugby, en Medell\u00edn. La Liga Antioque\u00f1a \u00a0y la Federaci\u00f3n Colombiana eligieron a la capital antioque\u00f1a como sede de la competencia de alto rendimiento.<\/span><\/p>\n<p>El torneo, que finalizar\u00e1 este 25 de mayo, cont\u00f3 con la participaci\u00f3n\u00a0 de los mejores 8 clubes nacionales. Los participantes son Gatos y Duendes (Antioquia), Arrieros (Risaralda),\u00a0 Sultanes (Valle del Cauca), Minotauros (Bogot\u00e1), Lycans (Meta) y \u00c1guilas (Santander).<\/p>\n<p>Carboneros obtuvo el cupo en esta primera versi\u00f3n por ser campe\u00f3n del torneo metropolitano\u00a0 local, disputado en el Estadio Centenario C\u00facuta 75, de la Ciudadela Juan Atalaya, en el 2013. En esa ocasi\u00f3n enfrent\u00f3\u00a0 a Barbariens, C\u00facuta Rugby, Leones de Pamplona y Rugby Cobras.<\/p>\n<p>El entrenador William Le\u00f3n Higuera afirm\u00f3 que el equipo se ha preparado desde inicios de a\u00f1o y ha dedicado 12 horas de entrenamiento\u00a0 cada semana\u00a0 para dar los mejores resultados. El cucute\u00f1o aplic\u00f3 nuevas t\u00e9cnicas que aprendi\u00f3 en Argentina, en el Centro de alto rendimiento de rugby.<\/p>\n<p>Le\u00f3n tuvo en cuenta el refuerzo de cinco jugadores de otros clubes locales. A la n\u00f3mina se unieron Mairon D\u00edaz,\u00a0 los hermanos Valderrama Damar y Oscar, del equipo C\u00facuta Rugby Club, y Jean Pierre Becerra y Yorman Pab\u00f3n, del Rugby Cobras.<\/p>\n<p>La sumatoria de la edad de los 25 jugadores de carboneros es 527 a\u00f1os, con promedio de 21,08 a\u00f1os. La talla promedio es de 180,2\u00a0\u00a0 metros y el peso promedio es de 87,48 kilos.<\/p>\n<p>Andres Zafra, de 18 a\u00f1os, es el m\u00e1s alto de la delegaci\u00f3n (195 cent\u00edmetros) y el de mayor peso (110 kilos). El m\u00e1s joven es el segunda l\u00ednea Damar Valderrama, de 17\u00a0\u00a0\u00a0\u00a0\u00a0\u00a0\u00a0 a\u00f1os, mide 185 cent\u00edmetros y pesa 106 kilos. El veterano del equipo es el tercera l\u00ednea Jhon Moncada, de 36 a\u00f1os, 185 cent\u00edmetros y 90 kilos.<\/p>\n<p>Los jugadores que viajaron a la ciudad de la eterna primavera son:<\/p>\n<p>1.- Carlos Monsalve (pilar)<\/p>\n<p>2.- Yorman Pab\u00f3n (hooker)<\/p>\n<p>3.- Oscar Valderrama (pilar)<\/p>\n<p>4.- Jorge Ortiz (segunda l\u00ednea)<\/p>\n<p>5.- Damar Valderrama (segunda l\u00ednea)<\/p>\n<p>6.- Arturo Contreras (tercera l\u00ednea)<\/p>\n<p>7.- Jhon Moncada (tercera l\u00ednea)<\/p>\n<p>8.- Andres Zafra (octavo)<\/p>\n<p>9.- Andr\u00e9s G\u00e1faro (medio scrum)<\/p>\n<p>10.- Asdr\u00fabal Parada (apertura<\/p>\n<p>11.- Esteban Molina (ala)<\/p>\n<p>12.- Daniel Avellaneda (centro)<\/p>\n<p>13.- David Fuentes (centro)<\/p>\n<p>14.- Camilo S\u00e1nchez (ala)<\/p>\n<p>15.- Darwin Quintero (fullback)<\/p>\n<p>16.- Jean Pierre Becerra\u00a0 (pilar)<\/p>\n<p>17.- Luis Alfredo Rojas (segunda l\u00ednea)<\/p>\n<p>18.- Edgar Navas\u00a0\u00a0 (tercera l\u00ednea)<\/p>\n<p>19.- Cristian Est\u00e9vez (tercera l\u00ednea)<\/p>\n<p>20.- Carlos Vergara (medio scrum)<\/p>\n<p>21.- Johan D\u00edaz Ca\u00f1adas (centro)<\/p>\n<p>22.- Camilo Mojica\u00a0\u00a0\u00a0\u00a0\u00a0\u00a0\u00a0\u00a0\u00a0\u00a0 (ala)<\/p>\n<p>23.- Mairon D\u00edaz\u00a0\u00a0 (ala)<\/p>\n<p>24.- Yomba Tenorio (ala)<\/p>\n<p>25.- Jeferson Fuentes (fullback)<\/p>\n<p>DT.-\u00a0\u00a0\u00a0 William Le\u00f3n Higuera<\/p>\n<p>&nbsp; <\/p>\n","protected":false},"excerpt":{"rendered":"<p>MEDELL\u00cdN.- Carboneros representa a Norte de Santander en el primer nacional de\u00a0 clubes de Rugby, en Medell\u00edn. La Liga Antioque\u00f1a \u00a0y la Federaci\u00f3n Colombiana eligieron a la capital antioque\u00f1a como sede de la competencia de alto rendimiento. El torneo, que finalizar\u00e1 este 25 de mayo, cont\u00f3 con la participaci\u00f3n\u00a0 de los mejores 8 clubes nacionales. &hellip;<\/p>\n","protected":false},"author":1,"featured_media":21687,"comment_status":"open","ping_status":"open","sticky":false,"template":"","format":"standard","meta":{"footnotes":""},"categories":[28],"tags":[1428,1427],"class_list":["post-21686","post","type-post","status-publish","format-standard","has-post-thumbnail","hentry","category-vistazo-deportivo","tag-carboneros-de-norte-de-santander","tag-nacional-de-rugby-en-medellin"],"_links":{"self":[{"href":"https:\/\/contraluzcucuta.co\/index.php?rest_route=\/wp\/v2\/posts\/21686","targetHints":{"allow":["GET"]}}],"collection":[{"href":"https:\/\/contraluzcucuta.co\/index.php?rest_route=\/wp\/v2\/posts"}],"about":[{"href":"https:\/\/contraluzcucuta.co\/index.php?rest_route=\/wp\/v2\/types\/post"}],"author":[{"embeddable":true,"href":"https:\/\/contraluzcucuta.co\/index.php?rest_route=\/wp\/v2\/users\/1"}],"replies":[{"embeddable":true,"href":"https:\/\/contraluzcucuta.co\/index.php?rest_route=%2Fwp%2Fv2%2Fcomments&post=21686"}],"version-history":[{"count":1,"href":"https:\/\/contraluzcucuta.co\/index.php?rest_route=\/wp\/v2\/posts\/21686\/revisions"}],"predecessor-version":[{"id":21688,"href":"https:\/\/contraluzcucuta.co\/index.php?rest_route=\/wp\/v2\/posts\/21686\/revisions\/21688"}],"wp:featuredmedia":[{"embeddable":true,"href":"https:\/\/contraluzcucuta.co\/index.php?rest_route=\/wp\/v2\/media\/21687"}],"wp:attachment":[{"href":"https:\/\/contraluzcucuta.co\/index.php?rest_route=%2Fwp%2Fv2%2Fmedia&parent=21686"}],"wp:term":[{"taxonomy":"category","embeddable":true,"href":"https:\/\/contraluzcucuta.co\/index.php?rest_route=%2Fwp%2Fv2%2Fcategories&post=21686"},{"taxonomy":"post_tag","embeddable":true,"href":"https:\/\/contraluzcucuta.co\/index.php?rest_route=%2Fwp%2Fv2%2Ftags&post=21686"}],"curies":[{"name":"wp","href":"https:\/\/api.w.org\/{rel}","templated":true}]}}