{"id":21666,"date":"2014-05-22T17:53:54","date_gmt":"2014-05-22T22:53:54","guid":{"rendered":"http:\/\/contraluzcucuta.co\/?p=21666"},"modified":"2014-05-22T17:53:54","modified_gmt":"2014-05-22T22:53:54","slug":"futbol-de-segunda-cucuta-deportivo-otra-decepcion","status":"publish","type":"post","link":"https:\/\/contraluzcucuta.co\/?p=21666","title":{"rendered":"F\u00daTBOL DE SEGUNDA. C\u00facuta Deportivo, otra decepci\u00f3n"},"content":{"rendered":"<p><b style=\"line-height: 1.5em;\">C\u00daCUTA.-<\/b><span style=\"line-height: 1.5em;\"> Valga la oportunidad para dejar en claro que el C\u00facuta Deportivo no qued\u00f3 eliminado el mi\u00e9rcoles. \u00a1No se\u00f1ores! Este es y ha sido un c\u00famulo de malas actuaciones en lo deportivo, de hechos disciplinarios que como siempre se han querido tapar; sum\u00e1ndole a ello las mentiras de cadena, que har\u00eda un equipo competitivo y con los mejores jugadores de la \u2018B\u2019 (jumn) y con cuatro verdaderos refuerzos de categor\u00eda (que nunca llegaron); sin olvidar el manejo de quinta que les dieron a los casos de Jhoaho Rivelino, Pablo Escobar y H\u00e9ctor Dar\u00edo Estrada.<\/span><\/p>\n<p>Aparte de eso, de manera irresponsable, Paredes y Cadena manejaron las n\u00f3minas de los dos partidos contra Llaneros: en el de local hicieron cambiar el esquema t\u00e1ctico y en el de visitante \u2018metieron\u2019 como titulares a quienes d\u00edas antes hab\u00edan separado del equipo y no los dejaban entrenar con el grupo.<\/p>\n<p>Claro est\u00e1 que el profesor Estrada tiene gran parte de responsabilidad. Primero, porque nunca pudo hacer que el equipo jugara bien y que ganara con argumentos; los puntos logrados fueron sufridos y casi siempre pidiendo tiempo. Segundo, se dej\u00f3 manosear de Cadena y Paredes, a tal punto que le impusieron jugadores y le cambiaban esquemas t\u00e1cticos (esto lo negar\u00e1n siempre); cuando quiso hacerse respetar era demasiado tarde, el agua estaba hasta el cuello.<\/p>\n<p>Ac\u00e1 no queda m\u00e1s que el alcalde Donamaris Ram\u00edrez le exija de verdad a Cadena, caso contrario que no lo apoye m\u00e1s, que no se le preste para el juego que manejan Cadena y Paredes, porque tenemos que reconocer que el \u00fanico que ha impulsado este equipo es Donamaris y, por supuesto, la afici\u00f3n.<\/p>\n<p>Estamos a tiempo, este torneo, es mediocre, cualquiera le gana a cualquiera y C\u00facuta Deportivo no puede ser menos que la mediocridad. Estoy seguro de que con responsabilidad, honestidad, seriedad y compromiso, y sin mentiras, Cadena y Paredes pueden armar un equipo competitivo y que pueda ganar el torneo, luchando por regresar este a\u00f1o a la categor\u00eda \u2018A\u2019.<\/p>\n<p>Para esto deben contratar a un t\u00e9cnico con autonom\u00eda y cuatro jugadores con responsabilidad y compromiso. En Colombia es dif\u00edcil, entonces desde ahora deben buscarlos en el extranjero. \u00a1Pero ahora! He dicho.<\/p>\n<p><b>ARNULFO S\u00c1NCHEZ DUE\u00d1AS<\/b><\/p>\n<p><b>Presidente Acord \u2013 Norte de Santander<\/b><\/p>\n<p><b>\u00a0<\/b> <\/p>\n","protected":false},"excerpt":{"rendered":"<p>C\u00daCUTA.- Valga la oportunidad para dejar en claro que el C\u00facuta Deportivo no qued\u00f3 eliminado el mi\u00e9rcoles. \u00a1No se\u00f1ores! Este es y ha sido un c\u00famulo de malas actuaciones en lo deportivo, de hechos disciplinarios que como siempre se han querido tapar; sum\u00e1ndole a ello las mentiras de cadena, que har\u00eda un equipo competitivo y &hellip;<\/p>\n","protected":false},"author":1,"featured_media":21668,"comment_status":"open","ping_status":"open","sticky":false,"template":"","format":"standard","meta":{"footnotes":""},"categories":[28],"tags":[1086],"class_list":["post-21666","post","type-post","status-publish","format-standard","has-post-thumbnail","hentry","category-vistazo-deportivo","tag-cucuta-deportivo-2014"],"_links":{"self":[{"href":"https:\/\/contraluzcucuta.co\/index.php?rest_route=\/wp\/v2\/posts\/21666","targetHints":{"allow":["GET"]}}],"collection":[{"href":"https:\/\/contraluzcucuta.co\/index.php?rest_route=\/wp\/v2\/posts"}],"about":[{"href":"https:\/\/contraluzcucuta.co\/index.php?rest_route=\/wp\/v2\/types\/post"}],"author":[{"embeddable":true,"href":"https:\/\/contraluzcucuta.co\/index.php?rest_route=\/wp\/v2\/users\/1"}],"replies":[{"embeddable":true,"href":"https:\/\/contraluzcucuta.co\/index.php?rest_route=%2Fwp%2Fv2%2Fcomments&post=21666"}],"version-history":[{"count":1,"href":"https:\/\/contraluzcucuta.co\/index.php?rest_route=\/wp\/v2\/posts\/21666\/revisions"}],"predecessor-version":[{"id":21669,"href":"https:\/\/contraluzcucuta.co\/index.php?rest_route=\/wp\/v2\/posts\/21666\/revisions\/21669"}],"wp:featuredmedia":[{"embeddable":true,"href":"https:\/\/contraluzcucuta.co\/index.php?rest_route=\/wp\/v2\/media\/21668"}],"wp:attachment":[{"href":"https:\/\/contraluzcucuta.co\/index.php?rest_route=%2Fwp%2Fv2%2Fmedia&parent=21666"}],"wp:term":[{"taxonomy":"category","embeddable":true,"href":"https:\/\/contraluzcucuta.co\/index.php?rest_route=%2Fwp%2Fv2%2Fcategories&post=21666"},{"taxonomy":"post_tag","embeddable":true,"href":"https:\/\/contraluzcucuta.co\/index.php?rest_route=%2Fwp%2Fv2%2Ftags&post=21666"}],"curies":[{"name":"wp","href":"https:\/\/api.w.org\/{rel}","templated":true}]}}