{"id":21663,"date":"2014-05-22T17:32:50","date_gmt":"2014-05-22T22:32:50","guid":{"rendered":"http:\/\/contraluzcucuta.co\/?p=21663"},"modified":"2014-05-22T17:32:50","modified_gmt":"2014-05-22T22:32:50","slug":"conferencia-para-entender-a-garcia-marquez","status":"publish","type":"post","link":"https:\/\/contraluzcucuta.co\/?p=21663","title":{"rendered":"CONFERENCIA. Para entender a Garc\u00eda M\u00e1rquez"},"content":{"rendered":"<p>C\u00daCUTA. Renson Said Sep\u00falveda, premio de periodismo &#8216;Sim\u00f3n Bol\u00edvar, revista Semana-Petrobras&#8217;, expondr\u00e1 en la universidad de Pamplona, Campus de Villa del Rosario, la conferencia &#8216;Para entender a Garc\u00eda M\u00e1rquez&#8217;. La actividad acad\u00e9mica ser\u00e1 un homenaje al Nobel de Literatura fallecido el 17 de abril, en M\u00e9xico.<\/p>\n<p>La jornada se cumplir\u00e1, el 28 de mayo a partir de las 8:30 de la ma\u00f1ana, en el auditorio 1 del centro de estudio superiores, en la sede del municipio hist\u00f3rico. la organizaci\u00f3n estar\u00e1 a cargo del programa de Comunicaci\u00f3n Social y la c\u00e1tedra de periodismo &#8216;Eustorgio Colmenares&#8217;, de reciente creaci\u00f3n.<\/p>\n<p>Los alumnos de Comunicaci\u00f3n en los d\u00edas previos leyeron varias obras de Garc\u00eda M\u00e1rquez para comprender la exposici\u00f3n.<\/p>\n<p>Renson Said obtuvo el t\u00edtulo de profesional en Estudios Literarios en la Pontifica Universidad Javeriana. Sostiene una columna semanal de cr\u00edtica pol\u00edtica en el diario La Opini\u00f3n, de C\u00facuta, y en el 2009 fue galardonado con el Premio Nacional de Periodismo Semana &#8211; Petrobras a la mejor columna de prensa.<\/p>\n<p>Ha prologado cl\u00e1sicos de la literatura universal como Popol Vuh, Las mil y una noches, Edipo Rey y Electra en ediciones Dip\u00f3n. Ha sido conferenciante en diferentes universidades del pa\u00eds y tallerista del Banco de la Rep\u00fablica. Es autor del cap\u00edtulo sobre Gabriel Garc\u00eda M\u00e1rquez en la Nueva Enciclopedia de Colombia del C\u00edrculo de Lectores. Fundador y director del programa V\u00eda Libre a la Radio, un espacio de debate pol\u00edtico y cultural en la emisora Radio Lemas de Colombia.<\/p>\n<p>Hace periodismo, toma caf\u00e9 y escribe descalzo. Es un tipo normal, si le pides la hora te la da. Pero si quieres demandarlo por una columna suya, busca una ficha y haz cola. Le gusta lo que dijo el viejo Hemingway: Soy un hombre que ha experimentado la angustia y el dolor, pero jam\u00e1s he estado triste una ma\u00f1ana. No contesta el tel\u00e9fono ni le gusta el f\u00fatbol. Pero le gusta el caf\u00e9 al pie de la ventana del noveno piso de su apartamento. Y si es acompa\u00f1ado, mejor. <\/p>\n","protected":false},"excerpt":{"rendered":"<p>C\u00daCUTA. Renson Said Sep\u00falveda, premio de periodismo &#8216;Sim\u00f3n Bol\u00edvar, revista Semana-Petrobras&#8217;, expondr\u00e1 en la universidad de Pamplona, Campus de Villa del Rosario, la conferencia &#8216;Para entender a Garc\u00eda M\u00e1rquez&#8217;. La actividad acad\u00e9mica ser\u00e1 un homenaje al Nobel de Literatura fallecido el 17 de abril, en M\u00e9xico. La jornada se cumplir\u00e1, el 28 de mayo a &hellip;<\/p>\n","protected":false},"author":1,"featured_media":21664,"comment_status":"open","ping_status":"open","sticky":false,"template":"","format":"standard","meta":{"footnotes":""},"categories":[45,37],"tags":[1347,862,719],"class_list":["post-21663","post","type-post","status-publish","format-standard","has-post-thumbnail","hentry","category-destacado","category-paseo-cultural","tag-gabriel-garcia-marquez","tag-renson-said-sepulveda","tag-unipamplona"],"_links":{"self":[{"href":"https:\/\/contraluzcucuta.co\/index.php?rest_route=\/wp\/v2\/posts\/21663","targetHints":{"allow":["GET"]}}],"collection":[{"href":"https:\/\/contraluzcucuta.co\/index.php?rest_route=\/wp\/v2\/posts"}],"about":[{"href":"https:\/\/contraluzcucuta.co\/index.php?rest_route=\/wp\/v2\/types\/post"}],"author":[{"embeddable":true,"href":"https:\/\/contraluzcucuta.co\/index.php?rest_route=\/wp\/v2\/users\/1"}],"replies":[{"embeddable":true,"href":"https:\/\/contraluzcucuta.co\/index.php?rest_route=%2Fwp%2Fv2%2Fcomments&post=21663"}],"version-history":[{"count":1,"href":"https:\/\/contraluzcucuta.co\/index.php?rest_route=\/wp\/v2\/posts\/21663\/revisions"}],"predecessor-version":[{"id":21665,"href":"https:\/\/contraluzcucuta.co\/index.php?rest_route=\/wp\/v2\/posts\/21663\/revisions\/21665"}],"wp:featuredmedia":[{"embeddable":true,"href":"https:\/\/contraluzcucuta.co\/index.php?rest_route=\/wp\/v2\/media\/21664"}],"wp:attachment":[{"href":"https:\/\/contraluzcucuta.co\/index.php?rest_route=%2Fwp%2Fv2%2Fmedia&parent=21663"}],"wp:term":[{"taxonomy":"category","embeddable":true,"href":"https:\/\/contraluzcucuta.co\/index.php?rest_route=%2Fwp%2Fv2%2Fcategories&post=21663"},{"taxonomy":"post_tag","embeddable":true,"href":"https:\/\/contraluzcucuta.co\/index.php?rest_route=%2Fwp%2Fv2%2Ftags&post=21663"}],"curies":[{"name":"wp","href":"https:\/\/api.w.org\/{rel}","templated":true}]}}