{"id":21654,"date":"2014-05-20T20:40:44","date_gmt":"2014-05-21T01:40:44","guid":{"rendered":"http:\/\/contraluzcucuta.co\/?p=21654"},"modified":"2014-05-22T22:13:37","modified_gmt":"2014-05-23T03:13:37","slug":"tejido-empresarial-recomendaciones-para-cucuta","status":"publish","type":"post","link":"https:\/\/contraluzcucuta.co\/?p=21654","title":{"rendered":"TEJIDO EMPRESARIAL. Recomendaciones para C\u00facuta"},"content":{"rendered":"<p><b style=\"line-height: 1.5em;\">C\u00daCUTA.-<\/b><span style=\"line-height: 1.5em;\"> La caracterizaci\u00f3n del tejido empresarial de C\u00facuta, elaborada por la alianza de Ecopetrol, Confec\u00e1maras, Universidad Jorge Tadeo Lozano y Corporaci\u00f3n Calidad, plante\u00f3 una serie de actividades que deben ponerse en marcha para fortalecer a la capital de Norte de Santander.<\/span><\/p>\n<p>Las recomendaciones se agruparon en las siguientes categor\u00edas.<\/p>\n<p>1.- De vanguardia<\/p>\n<p>Educaci\u00f3n. Se requiere ampliar los programas de maestr\u00eda y doctorado, para profundizar la investigaci\u00f3n y la diversificaci\u00f3n de los campos de estudio.<\/p>\n<p>Disponibilidad del recurso humano. Dadas las m\u00faltiples oportunidades y los niveles actuales, es necesario contar con personal especializado.<\/p>\n<p>Manufactura. La industria, en su conjunto, debe articularse con centros de desarrollo tecnol\u00f3gico y grupos de investigaci\u00f3n para promover la innovaci\u00f3n y la generaci\u00f3n de valor.<\/p>\n<p>2.- De prospectiva<\/p>\n<p>Construcci\u00f3n. Promoci\u00f3n de la formalizaci\u00f3n empresarial y laboral, dada la relaci\u00f3n de interacci\u00f3n con otras actividades econ\u00f3micas.<\/p>\n<p>Trasporte. Mejoramiento de la infraestructura vial para promover \u00a0el intercambio con otros municipios regiones del pa\u00eds.<\/p>\n<p>3.- De apoyo a las actividades econ\u00f3micas<\/p>\n<p>Sector financiero. Apoyo al desarrollo empresarial mediante actividades cooperativas.<\/p>\n<p>Comercio. Promoci\u00f3n de la actividad de comercio internacional con otros pa\u00edses, en especial con los del Caribe, dada la ubicaci\u00f3n geoestrat\u00e9gica, para ampliar la penetraci\u00f3n de diversos mercados y para reducir la dependencia de Venezuela.<\/p>\n<p>4.- De apoyo a la poblaci\u00f3n del tejido<\/p>\n<p>Alojamiento. Desarrollo especializado de alojamiento y comidas afines con la poblaci\u00f3n visitante y local, y mejoramiento en la prestaci\u00f3n de servicios.<\/p>\n<p>Participaci\u00f3n del municipio en redes y con institucionalidad departamental, nacional e internacional. Integraci\u00f3n acad\u00e9mica e institucional con redes nacionales e internacionales para potenciar las capacidades de la regi\u00f3n.<\/p>\n<p>5.- Actividades afines con las tendencias globales de los negocios.<\/p>\n<p>Actividades profesionales, cient\u00edficas y t\u00e9cnicas. Investigaci\u00f3n, desarrollo e innovaci\u00f3n asociados a las cadenas productivas.<\/p>\n<p>Programas de fomento local y regional para la generaci\u00f3n de emprendimientos innovadores. Apoyo a la generaci\u00f3n de actividades innovadoras, tanto en organizaciones establecidas como en nuevas empresas; por ejemplo, emprendimiento de base tecnol\u00f3gica, innovaci\u00f3n en productos, servicios y modelos de negocios. <\/p>\n","protected":false},"excerpt":{"rendered":"<p>C\u00daCUTA.- La caracterizaci\u00f3n del tejido empresarial de C\u00facuta, elaborada por la alianza de Ecopetrol, Confec\u00e1maras, Universidad Jorge Tadeo Lozano y Corporaci\u00f3n Calidad, plante\u00f3 una serie de actividades que deben ponerse en marcha para fortalecer a la capital de Norte de Santander. Las recomendaciones se agruparon en las siguientes categor\u00edas. 1.- De vanguardia Educaci\u00f3n. Se requiere &hellip;<\/p>\n","protected":false},"author":1,"featured_media":21655,"comment_status":"open","ping_status":"open","sticky":false,"template":"","format":"standard","meta":{"footnotes":""},"categories":[541,6],"tags":[532,1423,1422],"class_list":["post-21654","post","type-post","status-publish","format-standard","has-post-thumbnail","hentry","category-ciudad","category-ojo-avizor","tag-camara-de-comercio","tag-confecamaras","tag-tejido-empresarial-de-cucuta"],"_links":{"self":[{"href":"https:\/\/contraluzcucuta.co\/index.php?rest_route=\/wp\/v2\/posts\/21654","targetHints":{"allow":["GET"]}}],"collection":[{"href":"https:\/\/contraluzcucuta.co\/index.php?rest_route=\/wp\/v2\/posts"}],"about":[{"href":"https:\/\/contraluzcucuta.co\/index.php?rest_route=\/wp\/v2\/types\/post"}],"author":[{"embeddable":true,"href":"https:\/\/contraluzcucuta.co\/index.php?rest_route=\/wp\/v2\/users\/1"}],"replies":[{"embeddable":true,"href":"https:\/\/contraluzcucuta.co\/index.php?rest_route=%2Fwp%2Fv2%2Fcomments&post=21654"}],"version-history":[{"count":1,"href":"https:\/\/contraluzcucuta.co\/index.php?rest_route=\/wp\/v2\/posts\/21654\/revisions"}],"predecessor-version":[{"id":21656,"href":"https:\/\/contraluzcucuta.co\/index.php?rest_route=\/wp\/v2\/posts\/21654\/revisions\/21656"}],"wp:featuredmedia":[{"embeddable":true,"href":"https:\/\/contraluzcucuta.co\/index.php?rest_route=\/wp\/v2\/media\/21655"}],"wp:attachment":[{"href":"https:\/\/contraluzcucuta.co\/index.php?rest_route=%2Fwp%2Fv2%2Fmedia&parent=21654"}],"wp:term":[{"taxonomy":"category","embeddable":true,"href":"https:\/\/contraluzcucuta.co\/index.php?rest_route=%2Fwp%2Fv2%2Fcategories&post=21654"},{"taxonomy":"post_tag","embeddable":true,"href":"https:\/\/contraluzcucuta.co\/index.php?rest_route=%2Fwp%2Fv2%2Ftags&post=21654"}],"curies":[{"name":"wp","href":"https:\/\/api.w.org\/{rel}","templated":true}]}}