{"id":21631,"date":"2014-05-18T18:14:34","date_gmt":"2014-05-18T23:14:34","guid":{"rendered":"http:\/\/contraluzcucuta.co\/?p=21631"},"modified":"2014-05-20T22:03:38","modified_gmt":"2014-05-21T03:03:38","slug":"concierto-banda-oficial-unio-a-la-frontera-musical","status":"publish","type":"post","link":"https:\/\/contraluzcucuta.co\/?p=21631","title":{"rendered":"CONCIERTO. Banda Oficial uni\u00f3 a la frontera musical"},"content":{"rendered":"<p><b style=\"line-height: 1.5em;\">C\u00daCUTA.-<\/b><span style=\"line-height: 1.5em;\"> La Catedral de San Jos\u00e9 de C\u00facuta se visti\u00f3 de gala para recibir a 2000 habitantes de la zona de frontera, que apreciaron la presentaci\u00f3n de la Banda Oficial de Conciertos del Estado T\u00e1chira (Venezuela) \u2018Marco Antonio Rivera Useche\u2019.<\/span><\/p>\n<p>Artistas colombianos y venezolanos se integraron para ofrecer el espect\u00e1culo musical instrumental a las madres cucute\u00f1as y de la zona de frontera, como regalo cultural, fruto de la integraci\u00f3n binacional.<\/p>\n<p>La Polic\u00eda Metropolitana de C\u00facuta (Mecuc), la Di\u00f3cesis, las autoridades locales y departamentales y la empresa privada ofrecieron la velada musical instrumental.<\/p>\n<p>En el primer concierto de la agrupaci\u00f3n insignia musical del vecino pa\u00eds, los asistentes disfrutaron con el recorrido majestuoso por ritmos musicales representativos de M\u00e9xico, Argentina, Colombia, Venezuela, entre otros pa\u00edses.<\/p>\n<p>Algunas piezas musicales interpretadas por m\u00e1s de 50 m\u00fasicos, dirigidos por el maestro Yv\u00e1n Magallanes, se mezclaron con el baile de artistas cucute\u00f1os de la Escuela Estilo Latino, que mostraron la m\u00e1gica interpretaci\u00f3n de temas de las pel\u00edculas \u2018Misi\u00f3n Imposible\u2019 y \u2018Mario Bross\u2019.<\/p>\n<p>La voz del tenor l\u00edrico tachirense Gregory Pino hizo parte del espect\u00e1culo venezolano. Interpret\u00f3 los temas de reconocimiento folcl\u00f3rico \u2018Granada\u2019 y \u2018Venezuela\u2019 de los compositores Agust\u00edn Lara, Herreros y Armenteros.<\/p>\n<p>El momento m\u00e1s especial de la noche de gala fue la interpretaci\u00f3n de las letras de las obras musicales insignias de Norte de Santander y el estado T\u00e1chira, \u2018Brisas del Pamplonita\u2019 y \u2018Brisas del Torbes\u2019, que signific\u00f3 la uni\u00f3n cultural entre los fronterizos.<\/p>\n<p>&nbsp; <\/p>\n","protected":false},"excerpt":{"rendered":"<p>C\u00daCUTA.- La Catedral de San Jos\u00e9 de C\u00facuta se visti\u00f3 de gala para recibir a 2000 habitantes de la zona de frontera, que apreciaron la presentaci\u00f3n de la Banda Oficial de Conciertos del Estado T\u00e1chira (Venezuela) \u2018Marco Antonio Rivera Useche\u2019. Artistas colombianos y venezolanos se integraron para ofrecer el espect\u00e1culo musical instrumental a las madres &hellip;<\/p>\n","protected":false},"author":1,"featured_media":21632,"comment_status":"open","ping_status":"open","sticky":false,"template":"","format":"standard","meta":{"footnotes":""},"categories":[45,37],"tags":[1415,8,293],"class_list":["post-21631","post","type-post","status-publish","format-standard","has-post-thumbnail","hentry","category-destacado","category-paseo-cultural","tag-banda-oficial-de-venezuela","tag-diocesis-de-cucuta","tag-policia-metropolitana-de-cucuta"],"_links":{"self":[{"href":"https:\/\/contraluzcucuta.co\/index.php?rest_route=\/wp\/v2\/posts\/21631","targetHints":{"allow":["GET"]}}],"collection":[{"href":"https:\/\/contraluzcucuta.co\/index.php?rest_route=\/wp\/v2\/posts"}],"about":[{"href":"https:\/\/contraluzcucuta.co\/index.php?rest_route=\/wp\/v2\/types\/post"}],"author":[{"embeddable":true,"href":"https:\/\/contraluzcucuta.co\/index.php?rest_route=\/wp\/v2\/users\/1"}],"replies":[{"embeddable":true,"href":"https:\/\/contraluzcucuta.co\/index.php?rest_route=%2Fwp%2Fv2%2Fcomments&post=21631"}],"version-history":[{"count":1,"href":"https:\/\/contraluzcucuta.co\/index.php?rest_route=\/wp\/v2\/posts\/21631\/revisions"}],"predecessor-version":[{"id":21633,"href":"https:\/\/contraluzcucuta.co\/index.php?rest_route=\/wp\/v2\/posts\/21631\/revisions\/21633"}],"wp:featuredmedia":[{"embeddable":true,"href":"https:\/\/contraluzcucuta.co\/index.php?rest_route=\/wp\/v2\/media\/21632"}],"wp:attachment":[{"href":"https:\/\/contraluzcucuta.co\/index.php?rest_route=%2Fwp%2Fv2%2Fmedia&parent=21631"}],"wp:term":[{"taxonomy":"category","embeddable":true,"href":"https:\/\/contraluzcucuta.co\/index.php?rest_route=%2Fwp%2Fv2%2Fcategories&post=21631"},{"taxonomy":"post_tag","embeddable":true,"href":"https:\/\/contraluzcucuta.co\/index.php?rest_route=%2Fwp%2Fv2%2Ftags&post=21631"}],"curies":[{"name":"wp","href":"https:\/\/api.w.org\/{rel}","templated":true}]}}