{"id":21628,"date":"2014-05-18T17:52:08","date_gmt":"2014-05-18T22:52:08","guid":{"rendered":"http:\/\/contraluzcucuta.co\/?p=21628"},"modified":"2014-05-18T17:52:08","modified_gmt":"2014-05-18T22:52:08","slug":"desarrollo-industrial-y-proyeccion-internacional","status":"publish","type":"post","link":"https:\/\/contraluzcucuta.co\/?p=21628","title":{"rendered":"Desarrollo industrial y proyecci\u00f3n internacional"},"content":{"rendered":"<p><span style=\"line-height: 1.5em;\">1.- As\u00ed como la modernizaci\u00f3n, debida adecuaci\u00f3n y dotaci\u00f3n de los requerimientos b\u00e1sicos que son indispensables para la mayor y mejor utilizaci\u00f3n, servicio y uso del aeropuerto Camilo Daza, como eje del \u00e1rea central de la frontera colombo-venezolana no solo es una necesidad, sino una gesti\u00f3n concurrente y prioritaria para la debida conformaci\u00f3n de los auxiliares esenciales que deben ser parte de nuestra estructura operativa, tambi\u00e9n es indispensable el seguimiento constante por quienes tienen el manejo de los destinos p\u00fablicos y de las organizaciones y entes privados, que claman por una vivencia fronteriza activa, entusiasta, efectiva y trasformadora, porque sin comprometer al conjunto no habr\u00e1 resultados.<\/span><\/p>\n<p>Y, distinto a la tem\u00e1tica fundamental e inaplazable, referida al agua \u2013porque sin agua no hay futuro &#8211; lo alusivo al impulso de lo energ\u00e9tico y a las modalidades en lo e\u00f3lico y solar, as\u00ed como en todo lo inherente a la estructuraci\u00f3n de una moderna, funcional y organizativa planeaci\u00f3n cultural y educativa, que se inicie desde la escuela y el colegio y se incentive y proyecte en la universidad y en los centros cient\u00edficos y tecnol\u00f3gicos de mayor nivel\u00a0 y compromiso, aqu\u00ed- s\u00ed, aqu\u00ed entre nosotros y particularmente dentro del contexto del \u00c1rea Metropolitana de C\u00facuta, &#8211; hace falta, como lo insinu\u00e1bamos recientemente a Juan Antonio Nieto, director nacional\u00a0 del Instituto Geogr\u00e1fico Agust\u00edn\u00a0 Codazzi (Igag), a Edmundo Mart\u00ednez, director regional, y a varios concejales y dirigentes gremiales la urgente definici\u00f3n y destinaci\u00f3n de las zonas o \u00e1reas municipales donde puedan tener domicilio y asiento los parques industriales y tecnol\u00f3gicos, la Zona Franca Industrial y Comercial de C\u00facuta o la Zona Aduanera Especial, que precisen las normas y reglamentaciones, que para su proyecci\u00f3n, desarrollo y atracci\u00f3n de inversionistas y de fuentes de empleo son exigentes para esta faja territorial que puede dar mucho, si se la atiende, estimula, dota, adec\u00faa\u00a0 y maneja como debe ser. Y si se proyecta una visi\u00f3n integradora y de amplias perspectivas regionales, nacionales, binacionales e internacionales.<\/p>\n<p>2.- Advertimos lo anterior, porque la estrategia hacia el desarrollo no puede montarse y proclamarse si previamente no hay un cambio de actitudes, conductas y procedimientos, que se traduzcan en hechos y logros consecuentes para la obtenci\u00f3n de par\u00e1metros y opciones condicionadas por la falta o ausencia de esas plataformas y ayudas. Y de una coordinaci\u00f3n descentralizada, representativa, leg\u00edtima y unificada en esa\u00a0 labor concertada y\u00a0 en equipo.\u00a0 Para el logro de estos objetivos \u00a0es requisito insustituible que las nociones y los conceptos relacionados con la identidad, el esp\u00edritu de pertenencia y dentro de una aut\u00e9ntica visi\u00f3n de futuro y de solidaridad regional y fronteriza constituyan una fuente permanente, no solo de inspiraci\u00f3n sobre lo que hay que hacer y es impostergable, sino\u00a0 para alimentar y dar aliento a las leg\u00edtimas aspiraciones que deben dar soporte a la trasformaci\u00f3n de esta zona nacional de condiciones y caracter\u00edsticas especiales.<\/p>\n<p>3.- Para acelerar prospectos y determinar los pasos y etapas que deben sucederse es conveniente que los pobladores del \u00c1rea Metropolitana de C\u00facuta sean reiterativos e insistentes en los anhelos para que el proceso de cambio y las decisiones que se deben adoptar constituyan una pronta y ejecutiva realidad actuante.<\/p>\n<p><b>JOS\u00c9 NEIRA REY<\/b><\/p>\n<p><b><a href=\"mailto:jneirarey@hotmail.com\">jneirarey@hotmail.com<\/a><\/b><\/p>\n<p><b>Notas al margen<\/b><\/p>\n<p><b>\u00a0<\/b> <\/p>\n","protected":false},"excerpt":{"rendered":"<p>1.- As\u00ed como la modernizaci\u00f3n, debida adecuaci\u00f3n y dotaci\u00f3n de los requerimientos b\u00e1sicos que son indispensables para la mayor y mejor utilizaci\u00f3n, servicio y uso del aeropuerto Camilo Daza, como eje del \u00e1rea central de la frontera colombo-venezolana no solo es una necesidad, sino una gesti\u00f3n concurrente y prioritaria para la debida conformaci\u00f3n de los &hellip;<\/p>\n","protected":false},"author":1,"featured_media":21629,"comment_status":"open","ping_status":"open","sticky":false,"template":"","format":"standard","meta":{"footnotes":""},"categories":[14,4],"tags":[303,956],"class_list":["post-21628","post","type-post","status-publish","format-standard","has-post-thumbnail","hentry","category-articulistas","category-barra","tag-jose-neira-rey","tag-notas-al-margen"],"_links":{"self":[{"href":"https:\/\/contraluzcucuta.co\/index.php?rest_route=\/wp\/v2\/posts\/21628","targetHints":{"allow":["GET"]}}],"collection":[{"href":"https:\/\/contraluzcucuta.co\/index.php?rest_route=\/wp\/v2\/posts"}],"about":[{"href":"https:\/\/contraluzcucuta.co\/index.php?rest_route=\/wp\/v2\/types\/post"}],"author":[{"embeddable":true,"href":"https:\/\/contraluzcucuta.co\/index.php?rest_route=\/wp\/v2\/users\/1"}],"replies":[{"embeddable":true,"href":"https:\/\/contraluzcucuta.co\/index.php?rest_route=%2Fwp%2Fv2%2Fcomments&post=21628"}],"version-history":[{"count":1,"href":"https:\/\/contraluzcucuta.co\/index.php?rest_route=\/wp\/v2\/posts\/21628\/revisions"}],"predecessor-version":[{"id":21630,"href":"https:\/\/contraluzcucuta.co\/index.php?rest_route=\/wp\/v2\/posts\/21628\/revisions\/21630"}],"wp:featuredmedia":[{"embeddable":true,"href":"https:\/\/contraluzcucuta.co\/index.php?rest_route=\/wp\/v2\/media\/21629"}],"wp:attachment":[{"href":"https:\/\/contraluzcucuta.co\/index.php?rest_route=%2Fwp%2Fv2%2Fmedia&parent=21628"}],"wp:term":[{"taxonomy":"category","embeddable":true,"href":"https:\/\/contraluzcucuta.co\/index.php?rest_route=%2Fwp%2Fv2%2Fcategories&post=21628"},{"taxonomy":"post_tag","embeddable":true,"href":"https:\/\/contraluzcucuta.co\/index.php?rest_route=%2Fwp%2Fv2%2Ftags&post=21628"}],"curies":[{"name":"wp","href":"https:\/\/api.w.org\/{rel}","templated":true}]}}