{"id":21619,"date":"2014-05-15T20:15:37","date_gmt":"2014-05-16T01:15:37","guid":{"rendered":"http:\/\/contraluzcucuta.co\/?p=21619"},"modified":"2014-05-18T20:42:22","modified_gmt":"2014-05-19T01:42:22","slug":"reconocimiento-alcaldia-condecoro-a-63-maestros","status":"publish","type":"post","link":"https:\/\/contraluzcucuta.co\/?p=21619","title":{"rendered":"RECONOCIMIENTO. Alcald\u00eda condecor\u00f3 a 63 maestros"},"content":{"rendered":"<p><b style=\"line-height: 1.5em;\">C\u00daCUTA.-<\/b><span style=\"line-height: 1.5em;\"> Sesentaitr\u00e9s docentes recibieron la medalla Honor al M\u00e9rito Educativo, en ceremonia llevada a cabo en La Catedral d San Jos\u00e9. El reconocimiento se debe a los aportes pedag\u00f3gicos y a las muestras de avance en el mejoramiento de la calidad educativa en los planteles donde ejercen.<\/span><\/p>\n<p>Maestros, directivos y alumnos de diferentes instituciones educativas del municipio, se dieron cita en el templo mayor de C\u00facuta para celebrar el D\u00eda del Maestro. La fecha coincidi\u00f3 con el paro que adelantan los institutores afiliados a Fecode.<\/p>\n<p>La administraci\u00f3n municipal se mostr\u00f3 respetuosa de las decisiones sindicales y de los derechos inherentes a los educadores. Raz\u00f3n para que la celebraci\u00f3n eucar\u00edstica no se tomara como reto a la organizaci\u00f3n sindical. El acto religioso fue programado con monse\u00f1or Julio C\u00e9sar Vidal y el padre Juan Carlos Calder\u00f3n, dos semanas atr\u00e1s.<\/p>\n<p>El papel que desempe\u00f1an los maestros en la formaci\u00f3n personal. La Alcald\u00eda ha procurado el bienestar de los educadores, mediante los pagos oportunos del sueldo, ha reconocido la nivelaci\u00f3n salarial y ha atendiendo los requerimientos que demanda el mantenimiento de la infraestructura educativa.<\/p>\n<p>El obispo Vidal, en la homil\u00eda, \u00a0hizo alusi\u00f3n a los docentes como trasmisores de conocimiento y destac\u00f3 la responsabilidad como orientadores. Resalt\u00f3 el apoyo de la Iglesia a las justas causas de los educadores.<\/p>\n<p>Quince colegios del municipio dependen del Gobierno y no pueden ser intervenidos. El alcalde Donamaris Ram\u00edrez anunci\u00f3 la gesti\u00f3n para que antes de terminar el mandato sean reparados.<\/p>\n<p>&nbsp; <\/p>\n","protected":false},"excerpt":{"rendered":"<p>C\u00daCUTA.- Sesentaitr\u00e9s docentes recibieron la medalla Honor al M\u00e9rito Educativo, en ceremonia llevada a cabo en La Catedral d San Jos\u00e9. El reconocimiento se debe a los aportes pedag\u00f3gicos y a las muestras de avance en el mejoramiento de la calidad educativa en los planteles donde ejercen. Maestros, directivos y alumnos de diferentes instituciones educativas &hellip;<\/p>\n","protected":false},"author":1,"featured_media":21620,"comment_status":"open","ping_status":"open","sticky":false,"template":"","format":"standard","meta":{"footnotes":""},"categories":[541,36],"tags":[226,1411],"class_list":["post-21619","post","type-post","status-publish","format-standard","has-post-thumbnail","hentry","category-ciudad","category-la-voz-del-pueblo","tag-alcaldia-de-cucuta","tag-dia-del-maestro"],"_links":{"self":[{"href":"https:\/\/contraluzcucuta.co\/index.php?rest_route=\/wp\/v2\/posts\/21619","targetHints":{"allow":["GET"]}}],"collection":[{"href":"https:\/\/contraluzcucuta.co\/index.php?rest_route=\/wp\/v2\/posts"}],"about":[{"href":"https:\/\/contraluzcucuta.co\/index.php?rest_route=\/wp\/v2\/types\/post"}],"author":[{"embeddable":true,"href":"https:\/\/contraluzcucuta.co\/index.php?rest_route=\/wp\/v2\/users\/1"}],"replies":[{"embeddable":true,"href":"https:\/\/contraluzcucuta.co\/index.php?rest_route=%2Fwp%2Fv2%2Fcomments&post=21619"}],"version-history":[{"count":1,"href":"https:\/\/contraluzcucuta.co\/index.php?rest_route=\/wp\/v2\/posts\/21619\/revisions"}],"predecessor-version":[{"id":21621,"href":"https:\/\/contraluzcucuta.co\/index.php?rest_route=\/wp\/v2\/posts\/21619\/revisions\/21621"}],"wp:featuredmedia":[{"embeddable":true,"href":"https:\/\/contraluzcucuta.co\/index.php?rest_route=\/wp\/v2\/media\/21620"}],"wp:attachment":[{"href":"https:\/\/contraluzcucuta.co\/index.php?rest_route=%2Fwp%2Fv2%2Fmedia&parent=21619"}],"wp:term":[{"taxonomy":"category","embeddable":true,"href":"https:\/\/contraluzcucuta.co\/index.php?rest_route=%2Fwp%2Fv2%2Fcategories&post=21619"},{"taxonomy":"post_tag","embeddable":true,"href":"https:\/\/contraluzcucuta.co\/index.php?rest_route=%2Fwp%2Fv2%2Ftags&post=21619"}],"curies":[{"name":"wp","href":"https:\/\/api.w.org\/{rel}","templated":true}]}}