{"id":21616,"date":"2014-05-15T19:53:40","date_gmt":"2014-05-16T00:53:40","guid":{"rendered":"http:\/\/contraluzcucuta.co\/?p=21616"},"modified":"2014-05-18T20:43:11","modified_gmt":"2014-05-19T01:43:11","slug":"justicia-transicional-norte-de-santander-escogido-para-plan-piloto","status":"publish","type":"post","link":"https:\/\/contraluzcucuta.co\/?p=21616","title":{"rendered":"JUSTICIA TRANSICIONAL. Norte de Santander escogido para plan piloto"},"content":{"rendered":"<p><del><\/del><b>C\u00daCUTA.-<\/b> Norte de Santander y Valle del Cauca son los dos departamentos escogidos por la Procuradur\u00eda General de la Naci\u00f3n para adelantar el proceso de acompa\u00f1amiento y seguimiento, en desarrollo de un plan piloto para conocer el proceso de reparaci\u00f3n en la justicia transicional.<\/p>\n<p>Jaime \u00c1lvarez Galvis, procurador delegado para el apoyo de v\u00edctimas y desmovilizados, explic\u00f3 que mediante el ejercicio se construir\u00e1 un ejemplo especial para el pa\u00eds. Se dar\u00e1n los aportes y los lineamientos necesarios que permitan conocer la hoja de ruta para el cumplimiento de los reg\u00edmenes contemplados en la Ley 1448 de 2011.<\/p>\n<p>\u201cSe necesita del apoyo de los gobernantes, del car\u00e1cter propositivo y participativo, pues por medio de esta Ley se busca la reconciliaci\u00f3n de los colombianos\u201d, anot\u00f3.<\/p>\n<p>El ejercicio de seguimiento y control se adelanta desde el Ministerio P\u00fablico, con el fin de efectuar acciones de mejoramiento continuo que redunden en beneficio de las v\u00edctimas y el cumplimiento de los fines esenciales del Estado.<\/p>\n<p>El plan busca mirar lo qu\u00e9 se ha hecho, qu\u00e9 se debe hacer, qu\u00e9 no se ha llevado a cabo y evaluar la colaboraci\u00f3n de \u00a0la institucionalidad, de tal manera que se articulen los planes de acci\u00f3n.<\/p>\n<p>Al contar con las herramientas de seguimiento y de evaluaci\u00f3n, ser\u00e1 vital que los programas y los proyectos que se ejecuten en procura del restablecimiento de los derechos de las v\u00edctimas contribuyan a la materializaci\u00f3n de la paz y la reconstrucci\u00f3n del tejido social y humano.<\/p>\n<p>En la regi\u00f3n se trabaja en la caracterizaci\u00f3n de las v\u00edctimas. El prop\u00f3sito asciende al conocimiento de las condiciones de vulnerabilidad y la identificaci\u00f3n de las necesidades b\u00e1sicas insatisfechas.<\/p>\n<p>Mediante el proceso de justicia transicional, las v\u00edctimas del conflicto armado en el pa\u00eds, que ascienden a 6,3millones, han conocido los derechos, los deberes y el trabajo que adelantan las instituciones para restablecer las condiciones \u00a0arrebatadas a causa de la violencia.<\/p>\n<p>&nbsp; <\/p>\n","protected":false},"excerpt":{"rendered":"<p>C\u00daCUTA.- Norte de Santander y Valle del Cauca son los dos departamentos escogidos por la Procuradur\u00eda General de la Naci\u00f3n para adelantar el proceso de acompa\u00f1amiento y seguimiento, en desarrollo de un plan piloto para conocer el proceso de reparaci\u00f3n en la justicia transicional. Jaime \u00c1lvarez Galvis, procurador delegado para el apoyo de v\u00edctimas y &hellip;<\/p>\n","protected":false},"author":1,"featured_media":21617,"comment_status":"open","ping_status":"open","sticky":false,"template":"","format":"standard","meta":{"footnotes":""},"categories":[5,32],"tags":[157,696],"class_list":["post-21616","post","type-post","status-publish","format-standard","has-post-thumbnail","hentry","category-justicia-transicional","category-recorrido-por-la-region","tag-justicia-transicional-2","tag-victimas-de-la-violencia-en-norte-de-santander"],"_links":{"self":[{"href":"https:\/\/contraluzcucuta.co\/index.php?rest_route=\/wp\/v2\/posts\/21616","targetHints":{"allow":["GET"]}}],"collection":[{"href":"https:\/\/contraluzcucuta.co\/index.php?rest_route=\/wp\/v2\/posts"}],"about":[{"href":"https:\/\/contraluzcucuta.co\/index.php?rest_route=\/wp\/v2\/types\/post"}],"author":[{"embeddable":true,"href":"https:\/\/contraluzcucuta.co\/index.php?rest_route=\/wp\/v2\/users\/1"}],"replies":[{"embeddable":true,"href":"https:\/\/contraluzcucuta.co\/index.php?rest_route=%2Fwp%2Fv2%2Fcomments&post=21616"}],"version-history":[{"count":1,"href":"https:\/\/contraluzcucuta.co\/index.php?rest_route=\/wp\/v2\/posts\/21616\/revisions"}],"predecessor-version":[{"id":21618,"href":"https:\/\/contraluzcucuta.co\/index.php?rest_route=\/wp\/v2\/posts\/21616\/revisions\/21618"}],"wp:featuredmedia":[{"embeddable":true,"href":"https:\/\/contraluzcucuta.co\/index.php?rest_route=\/wp\/v2\/media\/21617"}],"wp:attachment":[{"href":"https:\/\/contraluzcucuta.co\/index.php?rest_route=%2Fwp%2Fv2%2Fmedia&parent=21616"}],"wp:term":[{"taxonomy":"category","embeddable":true,"href":"https:\/\/contraluzcucuta.co\/index.php?rest_route=%2Fwp%2Fv2%2Fcategories&post=21616"},{"taxonomy":"post_tag","embeddable":true,"href":"https:\/\/contraluzcucuta.co\/index.php?rest_route=%2Fwp%2Fv2%2Ftags&post=21616"}],"curies":[{"name":"wp","href":"https:\/\/api.w.org\/{rel}","templated":true}]}}