{"id":21599,"date":"2014-05-14T21:37:57","date_gmt":"2014-05-15T02:37:57","guid":{"rendered":"http:\/\/contraluzcucuta.co\/?p=21599"},"modified":"2014-05-15T22:03:13","modified_gmt":"2014-05-16T03:03:13","slug":"opinion-movimiento-binacional-de-trasformacion","status":"publish","type":"post","link":"https:\/\/contraluzcucuta.co\/?p=21599","title":{"rendered":"OPINI\u00d3N. Movimiento binacional de trasformaci\u00f3n"},"content":{"rendered":"<p><span style=\"line-height: 1.5em;\">1.- Si con sinceridad, plena franqueza y conocimiento de lo que acontece en la regi\u00f3n y la frontera com\u00fan, se hiciera un examen juicioso y evaluativo de las fallas, vac\u00edos o debilidades, as\u00ed como de los potenciales que tenemos y no\u00a0 hemos utilizado y permanecen sin proyecci\u00f3n, ni\u00a0 explotaci\u00f3n, y surgiera espont\u00e1nea y animosamente el deseo de provocar y propiciar un futuro regional y fronterizo din\u00e1mico y moderno, con nuevas y reales dimensiones de trasformaci\u00f3n y prosperidad, amparadas y sustentadas por\u00a0 la presencia y la participaci\u00f3n de los que quieren un cambio y con las actitudes y conductas que son requeridas -en responsabilidad y compromiso- lo primero que debe hacerse &#8211; sin temores y con un prop\u00f3sito firme de salir adelante y lograr la conformaci\u00f3n de las estrategias y acciones que son indispensables &#8211; es convocar\u00a0 e invitar a los m\u00e1s capaces\u00a0 y comprometidos\u00a0 a conformar y dar aliento y vigor, a un movimiento binacional de trasformaci\u00f3n regional y fronteriza que sacuda, renueve, dinamice y constituya un grupo de emprendimiento hacia el cambio como lo exigen el Nororiente colombiano y la zona central de la frontera con Venezuela.<\/span><\/p>\n<p>Seguir creyendo que la trasformaci\u00f3n la hacen Bogot\u00e1 y Caracas, sin que aqu\u00ed no se modifiquen y mejoren los cuadros representativos del accionar ante las autoridades centrales y se logre un verdadero funcionamiento operativo legalmente descentralizado de los factores de poder y de los n\u00facleos que deben manejar y concretar las acciones, apoyos e incentivos que hacen falta, es seguir d\u00e1ndole juego a ese <i>laissez faire, laiseez passer<\/i>, que ni act\u00faa, ni deja hacer, por la pasividad e inoperancia de mecanismo y conductas, que a nada conducen y que se reflejan en la continuada espera de soluciones y asistencias que no llegan para enfrentar el reto del desarrollo.<\/p>\n<p>2.- Aqu\u00ed \u00a0no se necesitan m\u00e1s entidades, dependientes de lo que definan y se\u00f1alen otras organizaciones, asociaciones y personas que no viven, ni sienten lo que experimentamos y requerimos, y,\u00a0 m\u00e1s, cuando se observa clara y rotundamente el deterioro de opciones y posibilidades\u00a0 o la p\u00e9rdida o desaparici\u00f3n de lo que con esfuerzo se hab\u00eda obtenido, como lo recuerda un simple repaso y confrontaci\u00f3n de lo que era nuestro y no lo es o de lo que consiguen otras \u00e1reas nacionales y pobladores mientras aqu\u00ed nos acosan \u00a0la\u00a0 informalidad, las carencias infraestructurales b\u00e1sicas y la ausencia de investigaci\u00f3n, innovaci\u00f3n, inversiones\u00a0 y progreso en general.<\/p>\n<p>3.- Y es v\u00e1lido destacar esto, porque C\u00facuta est\u00e1 dolorida y seriamente afectada la zona metropolitana, pero tambi\u00e9n lo est\u00e1n Oca\u00f1a, Pamplona, El Catatumbo y para colmo de complejidades y dificultades, la zona inter lim\u00edtrofe con Venezuela, porque las reuniones, encuentros y sesiones en procura de entendimientos y acuerdos que se deb\u00edan haber efectuado entre Colombia y Venezuela, para hallar alternativas y prop\u00f3sitos constructivos e integradores \u2013no obstante nuestras reiteradas peticiones y\u00a0 soberanas diferencias &#8211; como lo comprendi\u00f3 el libertador Sim\u00f3n Bol\u00edvar y diariamente lo reitera el Complejo Hist\u00f3rico de Villa del Rosario,\u00a0 la regi\u00f3n y la frontera contin\u00faan sin las ayudas en lo esencial y b\u00e1sico de las actividades y prospectos que caracterizan e identifican a estas fajas territoriales especiales, de doble presencia, incidencia e influjo.<\/p>\n<p>Adem\u00e1s, el surgir de ese movimiento binacional de trasformaci\u00f3n regional y fronteriza, seguramente lo observar\u00edan\u00a0 y respaldar\u00edan con gran afecto, solidaridad y fraternidad, \u00a0Santander, Boyac\u00e1, Casanare y Cesar, y los estados\u00a0 vecinos de Venezuela, porque la mancomunidad de intereses, la uni\u00f3n y los\u00a0 lazos de concomitancia, colateralidad\u00a0 y visi\u00f3n de futuro, son evidentes y firmes, para una labor conjunta y en equipo, que se puede estructurar y\u00a0 cumplir, hacia\u00a0 un mayor desarrollo y progreso binacional.<\/p>\n<p>Y, contra cualquier supuesto. que quede claro, lo planteado : no debe, ni puede ser, un movimiento politiquero, ni electoral de partidos, sino un nuevo, renovador y palpitante sentir y obrar regional y fronterizo, en procura de una nueva, verdadera\u00a0 y fecunda acci\u00f3n integradora, entre hermanos y como aporte al avance y desarrollo de dos naciones pilares, en\u00a0 Latinoam\u00e9rica.<\/p>\n<p><b>JOS\u00c9 NEIRA REY<\/b><\/p>\n<p><b><a href=\"mailto:jneirarey@hotmail.com\">jneirarey@hotmail.com<\/a><\/b><\/p>\n<p><b>Notas al Margen<\/b><\/p>\n<p><b>\u00a0<\/b> <\/p>\n","protected":false},"excerpt":{"rendered":"<p>1.- Si con sinceridad, plena franqueza y conocimiento de lo que acontece en la regi\u00f3n y la frontera com\u00fan, se hiciera un examen juicioso y evaluativo de las fallas, vac\u00edos o debilidades, as\u00ed como de los potenciales que tenemos y no\u00a0 hemos utilizado y permanecen sin proyecci\u00f3n, ni\u00a0 explotaci\u00f3n, y surgiera espont\u00e1nea y animosamente el &hellip;<\/p>\n","protected":false},"author":1,"featured_media":21600,"comment_status":"open","ping_status":"open","sticky":false,"template":"","format":"standard","meta":{"footnotes":""},"categories":[14,32],"tags":[303,956],"class_list":["post-21599","post","type-post","status-publish","format-standard","has-post-thumbnail","hentry","category-articulistas","category-recorrido-por-la-region","tag-jose-neira-rey","tag-notas-al-margen"],"_links":{"self":[{"href":"https:\/\/contraluzcucuta.co\/index.php?rest_route=\/wp\/v2\/posts\/21599","targetHints":{"allow":["GET"]}}],"collection":[{"href":"https:\/\/contraluzcucuta.co\/index.php?rest_route=\/wp\/v2\/posts"}],"about":[{"href":"https:\/\/contraluzcucuta.co\/index.php?rest_route=\/wp\/v2\/types\/post"}],"author":[{"embeddable":true,"href":"https:\/\/contraluzcucuta.co\/index.php?rest_route=\/wp\/v2\/users\/1"}],"replies":[{"embeddable":true,"href":"https:\/\/contraluzcucuta.co\/index.php?rest_route=%2Fwp%2Fv2%2Fcomments&post=21599"}],"version-history":[{"count":1,"href":"https:\/\/contraluzcucuta.co\/index.php?rest_route=\/wp\/v2\/posts\/21599\/revisions"}],"predecessor-version":[{"id":21601,"href":"https:\/\/contraluzcucuta.co\/index.php?rest_route=\/wp\/v2\/posts\/21599\/revisions\/21601"}],"wp:featuredmedia":[{"embeddable":true,"href":"https:\/\/contraluzcucuta.co\/index.php?rest_route=\/wp\/v2\/media\/21600"}],"wp:attachment":[{"href":"https:\/\/contraluzcucuta.co\/index.php?rest_route=%2Fwp%2Fv2%2Fmedia&parent=21599"}],"wp:term":[{"taxonomy":"category","embeddable":true,"href":"https:\/\/contraluzcucuta.co\/index.php?rest_route=%2Fwp%2Fv2%2Fcategories&post=21599"},{"taxonomy":"post_tag","embeddable":true,"href":"https:\/\/contraluzcucuta.co\/index.php?rest_route=%2Fwp%2Fv2%2Ftags&post=21599"}],"curies":[{"name":"wp","href":"https:\/\/api.w.org\/{rel}","templated":true}]}}