{"id":21553,"date":"2014-05-10T19:36:35","date_gmt":"2014-05-11T00:36:35","guid":{"rendered":"http:\/\/contraluzcucuta.co\/?p=21553"},"modified":"2014-05-10T19:36:35","modified_gmt":"2014-05-11T00:36:35","slug":"opinion-el-obligante-ahora-de-la-descentralizacion","status":"publish","type":"post","link":"https:\/\/contraluzcucuta.co\/?p=21553","title":{"rendered":"OPINI\u00d3N. El obligante ahora de la descentralizaci\u00f3n"},"content":{"rendered":"<p><span style=\"line-height: 1.5em;\">1.- Aunque se ha insistido y reiterado sobre lo que advierten, puntualizan y experimentan los miles de habitantes\u00a0 que viven en las fajas territoriales especiales y lim\u00edtrofes, que definen y califican a\u00a0 las regiones y zonas fronterizas \u2013con\u00a0 la tipicidad de cada una &#8211; el\u00a0 pa\u00eds tiene que reconocer y aceptar que el 53 por ciento de ese gran territorio perif\u00e9rico y su gente contin\u00faan siendo desatendidos y sin que sus actos y peticiones presenciales\u00a0 o participativas sustentadas reciban el trato hacia la soluci\u00f3n de los problemas y dificultades infraestructurales y b\u00e1sicas planteadas.<\/span><\/p>\n<p>Infortunadamente, sus vivencias, perspectivas y opciones \u2013que son muchas y viables si se las examina con amplitud y visi\u00f3n de futuro \u2013no han tenido la receptividad ni el respaldo y apoyo que es indispensable para dar paso, fortaleza y vigor a una noci\u00f3n integracionista y de desarrollo de incuestionable trascendencia para Latinoam\u00e9rica, como es el aprovechamiento de la labor compartida o conjunta que nace de la mancomunidad\u00a0 socioecon\u00f3mica y pol\u00edtica que se gesta en las fronteras y que puede proyectarse a lo nacional\u00a0 e internacional, al coaligar y unir prospectos creadores de capacitaci\u00f3n, investigaci\u00f3n, innovaci\u00f3n\u00a0 y\u00a0 fuentes de trabajo, utilizando los recursos humanos y naturales a uno y otro lado de los l\u00edmites y dando camino a incentivos, est\u00edmulos, mecanismos y prospectos \u00e1giles, novedosos y positivos.<\/p>\n<p>En este proceso formativo y especial hay dos palabras que\u00a0 sintetizan lo existente,\u00a0 porque no han sido tomadas en cuenta para evaluar y proyectar, con realismo operativo, practicidad funcional, compromiso\u00a0 y visi\u00f3n de perspectivas socioecon\u00f3micas nacionales e internacionales, lo que son y experimentan como protecci\u00f3n y potencialidad. Son: la descentralizaci\u00f3n y la representatividad, de y en las regiones y las zonas fronterizas.<\/p>\n<p>2.- Estas dos palabras constituyen -por su ausencia en la aplicaci\u00f3n y el manejo estatal y gubernamental, sin olvidar el compromiso que activa y\u00a0 dinamiza la gesti\u00f3n privada- el gran vac\u00edo y la casi imposibilidad de desarrollo para los habitantes que ocupan tama\u00f1a cantidad\u00a0 del territorio nacional, porque las determinaciones oficiales y el comportamiento de la gesti\u00f3n empresarial y privada siguen\u00a0 a la deriva o en suspenso\u00a0 y sin esa concurrencia que inspire y d\u00e9 aliento a la labor asociativa presencial y participa, que d\u00e9 paso a la estructuraci\u00f3n de un progreso compartido y ejemplarizante, as\u00ed cada zona sea diferente y\u00a0 se requiera de\u00a0 un tratamiento\u00a0 especial y en ocasiones distinto al de otras.<\/p>\n<p>Y, destacamos lo anterior, porque estas regiones y zonas, que son aut\u00e9nticos nudos articulares\u00a0 de integraci\u00f3n con los pa\u00edses y regiones colindantes o m\u00e1s cercanos o que aproximen y faciliten empe\u00f1os comunes o de mercado, exigen\u00a0\u00a0 \u00a0una atenci\u00f3n, dedicaci\u00f3n y\u00a0\u00a0 cooperaci\u00f3n particularizadas, por parte de las entidades p\u00fablicas y privadas que desde el centro nacional dominan\u00a0 el andamiaje institucional y empresarial de la naci\u00f3n. S\u00ed, descentralizaci\u00f3n y representatividad regional y fronteriza, deben ir unidas\u00a0 en los prospectos de acci\u00f3n, que buscan hacer de Colombia una naci\u00f3n integral, participativa y dispuesta a un adelanto, que llegue a los connacionales\u00a0 y a quienes de manera responsable, conjunta o compartida\u00a0 y seria, ans\u00eden tomar parte de sus anhelos y esperanzas.<\/p>\n<p>3.- Cuando en los a\u00f1os 80 del siglo pasado, se abrieron\u00a0 las trochas y se dieron positivos pasos de respaldo y apoyo a estos marginales y olvidados territorios, muchas iniciativas tomaron forma y otras quedaron a la espera de una m\u00e1s comprometida visi\u00f3n de futuro, como fueron sin lugar a dudas: la b\u00fasqueda de instrumentos y mecanismos que permitieran acercar y compenetrar a la periferia con el centro, el establecimiento de entes representativos que impulsaran el desarrollo comunitario, con algunas prerrogativas y autonom\u00edas, as\u00ed\u00a0 como la creaci\u00f3n de participaciones administrativas, con un car\u00e1cter m\u00e1s espec\u00edfico y directo de acci\u00f3n. Por eso, hoy todos sabemos, que el 53 por ciento del territorio nacional necesita m\u00e1s y mejor representatividad y una noci\u00f3n descentralizadora y trasformadora, que llegue y\u00a0 haga comprender a la naci\u00f3n que hay en la periferia unos territorios que habitan colombianos, ansiosos de solidaridad y progreso. Y, que la tarea y los prop\u00f3sitos de asistencia y desarrollo son para ya,\u00a0 o sea \u00a1ahora!<\/p>\n<p><b>JOS\u00c9 NEIRA REY<\/b><\/p>\n<p><b><a href=\"mailto:jneirarey@hotmail.com\">jneirarey@hotmail.com<\/a><\/b><\/p>\n<p><b>Notas al margen<\/b><\/p>\n<p><b>\u00a0<\/b> <\/p>\n","protected":false},"excerpt":{"rendered":"<p>1.- Aunque se ha insistido y reiterado sobre lo que advierten, puntualizan y experimentan los miles de habitantes\u00a0 que viven en las fajas territoriales especiales y lim\u00edtrofes, que definen y califican a\u00a0 las regiones y zonas fronterizas \u2013con\u00a0 la tipicidad de cada una &#8211; el\u00a0 pa\u00eds tiene que reconocer y aceptar que el 53 por &hellip;<\/p>\n","protected":false},"author":1,"featured_media":21450,"comment_status":"open","ping_status":"open","sticky":false,"template":"","format":"standard","meta":{"footnotes":""},"categories":[14,6],"tags":[303,956],"class_list":["post-21553","post","type-post","status-publish","format-standard","has-post-thumbnail","hentry","category-articulistas","category-ojo-avizor","tag-jose-neira-rey","tag-notas-al-margen"],"_links":{"self":[{"href":"https:\/\/contraluzcucuta.co\/index.php?rest_route=\/wp\/v2\/posts\/21553","targetHints":{"allow":["GET"]}}],"collection":[{"href":"https:\/\/contraluzcucuta.co\/index.php?rest_route=\/wp\/v2\/posts"}],"about":[{"href":"https:\/\/contraluzcucuta.co\/index.php?rest_route=\/wp\/v2\/types\/post"}],"author":[{"embeddable":true,"href":"https:\/\/contraluzcucuta.co\/index.php?rest_route=\/wp\/v2\/users\/1"}],"replies":[{"embeddable":true,"href":"https:\/\/contraluzcucuta.co\/index.php?rest_route=%2Fwp%2Fv2%2Fcomments&post=21553"}],"version-history":[{"count":1,"href":"https:\/\/contraluzcucuta.co\/index.php?rest_route=\/wp\/v2\/posts\/21553\/revisions"}],"predecessor-version":[{"id":21554,"href":"https:\/\/contraluzcucuta.co\/index.php?rest_route=\/wp\/v2\/posts\/21553\/revisions\/21554"}],"wp:featuredmedia":[{"embeddable":true,"href":"https:\/\/contraluzcucuta.co\/index.php?rest_route=\/wp\/v2\/media\/21450"}],"wp:attachment":[{"href":"https:\/\/contraluzcucuta.co\/index.php?rest_route=%2Fwp%2Fv2%2Fmedia&parent=21553"}],"wp:term":[{"taxonomy":"category","embeddable":true,"href":"https:\/\/contraluzcucuta.co\/index.php?rest_route=%2Fwp%2Fv2%2Fcategories&post=21553"},{"taxonomy":"post_tag","embeddable":true,"href":"https:\/\/contraluzcucuta.co\/index.php?rest_route=%2Fwp%2Fv2%2Ftags&post=21553"}],"curies":[{"name":"wp","href":"https:\/\/api.w.org\/{rel}","templated":true}]}}