{"id":21547,"date":"2014-05-10T18:28:13","date_gmt":"2014-05-10T23:28:13","guid":{"rendered":"http:\/\/contraluzcucuta.co\/?p=21547"},"modified":"2014-05-10T18:28:13","modified_gmt":"2014-05-10T23:28:13","slug":"presidente-santos-alcaldes-de-norte-de-santander-expusieron-necesidades","status":"publish","type":"post","link":"https:\/\/contraluzcucuta.co\/?p=21547","title":{"rendered":"PRESIDENTE SANTOS. Alcaldes de Norte de Santander expusieron necesidades"},"content":{"rendered":"<p><b style=\"line-height: 1.5em;\">C\u00daCUTA.-<\/b><span style=\"line-height: 1.5em;\"> Los 40 alcaldes de Norte de Santander \u00a0expusieron ante el presidente Juan Manuel Santos las prioridades de los municipios para buscar la soluci\u00f3n a la crisis social y econ\u00f3mica que vive la regi\u00f3n.<\/span><\/p>\n<p>En tres horas, \u00a0los gobernantes locales le contaron al jefe de Estado las necesidades sobre:<\/p>\n<p>1.- Recuperaci\u00f3n de las v\u00edas<\/p>\n<p>2.- Mejoramiento del sector salud<\/p>\n<p>3.- Fortalecimiento del sector agrario.<\/p>\n<p>4.- Impulso y reactivaci\u00f3n de la econom\u00eda<\/p>\n<p>5.- Mejoramiento del sector social.<\/p>\n<p>El Gobierno, con la puesta en marcha de las Zonas Especiales y el impulso a la Zona Franca, propende por el desarrollo de la regi\u00f3n.<\/p>\n<p>Para C\u00facuta, detall\u00f3:<\/p>\n<p>1.- Acueducto Metropolitano<\/p>\n<p>2.- Inversi\u00f3n en infraestructura para recuperar la malla vial<\/p>\n<p>3.- Cr\u00e9ditos para peque\u00f1os empresarios<\/p>\n<p>Santos destac\u00f3 las obras que se adelantan en la doble calzada hacia Bucaramanga y en la v\u00eda a Oca\u00f1a; los $ 74.000 millones para generaci\u00f3n de empleo a trav\u00e9s de Bancoldex.<\/p>\n<p>El presidente Santos estuvo acompa\u00f1ado por la canciller Mar\u00eda \u00c1ngela Holgu\u00edn; los ministros Amilkar Acosta, de Minas y Energ\u00eda; Santiago Rojas, de Comercio Industria y Turismo; Mauricio C\u00e1rdenas, de Hacienda; Cecilia \u00c1lvarez-Correa, de Trasporte; Luis Felipe Henao, de Vivienda; Alejandro Gaviria, de Salud; Marina Garc\u00e9s, de Cultura, y Luz Elena Sarmiento, de Ambiente y Desarrollo.<\/p>\n<p>Santos dijo que buscar\u00e1 la reactivaci\u00f3n de las remesas con Venezuela, \u00a0la creaci\u00f3n de zonas especiales, el impulso a las zonas francas y la b\u00fasqueda de inversionistas que generen empresa en la ciudad.<\/p>\n<p>&nbsp;<\/p>\n<p>&nbsp; <\/p>\n","protected":false},"excerpt":{"rendered":"<p>C\u00daCUTA.- Los 40 alcaldes de Norte de Santander \u00a0expusieron ante el presidente Juan Manuel Santos las prioridades de los municipios para buscar la soluci\u00f3n a la crisis social y econ\u00f3mica que vive la regi\u00f3n. En tres horas, \u00a0los gobernantes locales le contaron al jefe de Estado las necesidades sobre: 1.- Recuperaci\u00f3n de las v\u00edas 2.- &hellip;<\/p>\n","protected":false},"author":1,"featured_media":21548,"comment_status":"open","ping_status":"open","sticky":false,"template":"","format":"standard","meta":{"footnotes":""},"categories":[556,4],"tags":[278,1392],"class_list":["post-21547","post","type-post","status-publish","format-standard","has-post-thumbnail","hentry","category-departamento","category-barra","tag-presidente-juan-manuel-santos","tag-visita-a-cucuta"],"_links":{"self":[{"href":"https:\/\/contraluzcucuta.co\/index.php?rest_route=\/wp\/v2\/posts\/21547","targetHints":{"allow":["GET"]}}],"collection":[{"href":"https:\/\/contraluzcucuta.co\/index.php?rest_route=\/wp\/v2\/posts"}],"about":[{"href":"https:\/\/contraluzcucuta.co\/index.php?rest_route=\/wp\/v2\/types\/post"}],"author":[{"embeddable":true,"href":"https:\/\/contraluzcucuta.co\/index.php?rest_route=\/wp\/v2\/users\/1"}],"replies":[{"embeddable":true,"href":"https:\/\/contraluzcucuta.co\/index.php?rest_route=%2Fwp%2Fv2%2Fcomments&post=21547"}],"version-history":[{"count":1,"href":"https:\/\/contraluzcucuta.co\/index.php?rest_route=\/wp\/v2\/posts\/21547\/revisions"}],"predecessor-version":[{"id":21549,"href":"https:\/\/contraluzcucuta.co\/index.php?rest_route=\/wp\/v2\/posts\/21547\/revisions\/21549"}],"wp:featuredmedia":[{"embeddable":true,"href":"https:\/\/contraluzcucuta.co\/index.php?rest_route=\/wp\/v2\/media\/21548"}],"wp:attachment":[{"href":"https:\/\/contraluzcucuta.co\/index.php?rest_route=%2Fwp%2Fv2%2Fmedia&parent=21547"}],"wp:term":[{"taxonomy":"category","embeddable":true,"href":"https:\/\/contraluzcucuta.co\/index.php?rest_route=%2Fwp%2Fv2%2Fcategories&post=21547"},{"taxonomy":"post_tag","embeddable":true,"href":"https:\/\/contraluzcucuta.co\/index.php?rest_route=%2Fwp%2Fv2%2Ftags&post=21547"}],"curies":[{"name":"wp","href":"https:\/\/api.w.org\/{rel}","templated":true}]}}