{"id":21541,"date":"2014-05-10T17:47:36","date_gmt":"2014-05-10T22:47:36","guid":{"rendered":"http:\/\/contraluzcucuta.co\/?p=21541"},"modified":"2014-05-10T17:47:36","modified_gmt":"2014-05-10T22:47:36","slug":"vocaciones-testimonio-de-la-verdad","status":"publish","type":"post","link":"https:\/\/contraluzcucuta.co\/?p=21541","title":{"rendered":"VOCACIONES. \u2018Testimonio de la verdad\u2019"},"content":{"rendered":"<p><b style=\"line-height: 1.5em;\">C\u00daCUTA.-<\/b><span style=\"line-height: 1.5em;\"> La celebraci\u00f3n del D\u00eda del Buen Pastor, este 11 de mayo, marca el inicio de la Semana Vocacional de la Di\u00f3cesis de C\u00facuta. Con la jornada la Iglesia Cat\u00f3lica busca promover las vocaciones a la vida sacerdotal y religiosa e intensificar la oraci\u00f3n.<\/span><\/p>\n<p>\u2018Vocaciones, testimonio de la verdad\u2019 es el lema con el que la Iglesia Particular desarrollar\u00e1 la jornada en las comunidades parroquiales y las instituciones educativas de los municipios que hacen parte de la Di\u00f3cesis, guiada por monse\u00f1or Julio C\u00e9sar Vidal.<\/p>\n<p>Los j\u00f3venes ser\u00e1n animados a dar una respuesta generosa al llamado que el Se\u00f1or les hace a colaborar en el plan de salvaci\u00f3n desde un determinado rol: como padre de familia, trabajador o ministro consagrado.<\/p>\n<p>Los seminaristas visitar\u00e1n los colegios para exponer el carisma diocesano y compartir la experiencia de sentir el llamado y de formarse en un seminario.<\/p>\n<p>El 15 de mayo, en cada parroquia, se har\u00e1 la Hora Santa vocacional. \u201cLa mies es abundante, pero los trabajadores son pocos; rogad, pues, al Se\u00f1or de la mies que mande trabajadores a su mies\u201d\u00bb (Mt 9,35-38).<\/p>\n<p>Las palabras del evangelista sorprenden, porque primero es necesario arar, sembrar y cultivar para luego, a su debido tiempo, cosechar una mies abundante. Jes\u00fas, en cambio, afirma que \u00abla mies es abundante\u00bb.<\/p>\n<p>\u201c\u00bfPero qui\u00e9n ha trabajado para que el resultado sea as\u00ed? La respuesta es una sola: Dios\u201d, record\u00f3 el papa Francisco en el mensaje para la 51 Jornada Mundial de Oraci\u00f3n por las Vocaciones, que se celebra el cuarto domingo de pascua.<\/p>\n<p>El 13 de mayo, fiesta de la Virgen de F\u00e1tima, la Iglesia Diocesana peregrinar\u00e1 al monumento de F\u00e1tima, en la capital de Norte de Santander.<\/p>\n<p>&nbsp; <\/p>\n","protected":false},"excerpt":{"rendered":"<p>C\u00daCUTA.- La celebraci\u00f3n del D\u00eda del Buen Pastor, este 11 de mayo, marca el inicio de la Semana Vocacional de la Di\u00f3cesis de C\u00facuta. Con la jornada la Iglesia Cat\u00f3lica busca promover las vocaciones a la vida sacerdotal y religiosa e intensificar la oraci\u00f3n. \u2018Vocaciones, testimonio de la verdad\u2019 es el lema con el que &hellip;<\/p>\n","protected":false},"author":1,"featured_media":21542,"comment_status":"open","ping_status":"open","sticky":false,"template":"","format":"standard","meta":{"footnotes":""},"categories":[36],"tags":[8,1391],"class_list":["post-21541","post","type-post","status-publish","format-standard","has-post-thumbnail","hentry","category-la-voz-del-pueblo","tag-diocesis-de-cucuta","tag-semana-vocacional"],"_links":{"self":[{"href":"https:\/\/contraluzcucuta.co\/index.php?rest_route=\/wp\/v2\/posts\/21541","targetHints":{"allow":["GET"]}}],"collection":[{"href":"https:\/\/contraluzcucuta.co\/index.php?rest_route=\/wp\/v2\/posts"}],"about":[{"href":"https:\/\/contraluzcucuta.co\/index.php?rest_route=\/wp\/v2\/types\/post"}],"author":[{"embeddable":true,"href":"https:\/\/contraluzcucuta.co\/index.php?rest_route=\/wp\/v2\/users\/1"}],"replies":[{"embeddable":true,"href":"https:\/\/contraluzcucuta.co\/index.php?rest_route=%2Fwp%2Fv2%2Fcomments&post=21541"}],"version-history":[{"count":1,"href":"https:\/\/contraluzcucuta.co\/index.php?rest_route=\/wp\/v2\/posts\/21541\/revisions"}],"predecessor-version":[{"id":21543,"href":"https:\/\/contraluzcucuta.co\/index.php?rest_route=\/wp\/v2\/posts\/21541\/revisions\/21543"}],"wp:featuredmedia":[{"embeddable":true,"href":"https:\/\/contraluzcucuta.co\/index.php?rest_route=\/wp\/v2\/media\/21542"}],"wp:attachment":[{"href":"https:\/\/contraluzcucuta.co\/index.php?rest_route=%2Fwp%2Fv2%2Fmedia&parent=21541"}],"wp:term":[{"taxonomy":"category","embeddable":true,"href":"https:\/\/contraluzcucuta.co\/index.php?rest_route=%2Fwp%2Fv2%2Fcategories&post=21541"},{"taxonomy":"post_tag","embeddable":true,"href":"https:\/\/contraluzcucuta.co\/index.php?rest_route=%2Fwp%2Fv2%2Ftags&post=21541"}],"curies":[{"name":"wp","href":"https:\/\/api.w.org\/{rel}","templated":true}]}}