{"id":21538,"date":"2014-05-10T12:22:21","date_gmt":"2014-05-10T17:22:21","guid":{"rendered":"http:\/\/contraluzcucuta.co\/?p=21538"},"modified":"2014-05-10T12:22:21","modified_gmt":"2014-05-10T17:22:21","slug":"gramalote-ganadores-del-concurso-de-anteproyectos-arquitectonicos","status":"publish","type":"post","link":"https:\/\/contraluzcucuta.co\/?p=21538","title":{"rendered":"GRAMALOTE. Ganadores del concurso de anteproyectos arquitect\u00f3nicos"},"content":{"rendered":"<p><b style=\"line-height: 1.5em;\">C\u00daCUTA.-<\/b><span style=\"line-height: 1.5em;\"> La mesa de arquitectos, conformada por el maestro German Samper, Camilo Santamar\u00eda, Juan Manuel Pel\u00e1ez, Janeth D\u00edaz, Carlos Eduardo Rodr\u00edguez Valencia, Orlando Jos\u00e9 Joves Paz, Luis Ernesto Rodr\u00edguez Ayala y Javier Vera Londo\u00f1o, proclam\u00f3 a los ganadores del <\/span><a style=\"line-height: 1.5em;\" href=\"http:\/\/sociedadcolombianadearquitectos.org\/concursogramalote\/?p=266\">concurso p\u00fablico nacional<\/a><span style=\"line-height: 1.5em;\"> de anteproyectos arquitect\u00f3nicos para la elaboraci\u00f3n de los dise\u00f1os de los equipamientos urbanos para el nuevo Gramalote.<\/span><\/p>\n<p>1.- El colegio Sagrado Coraz\u00f3n de Jes\u00fas ser\u00e1 dise\u00f1ado con amplias instalaciones para beneficiar a 930 menores de edad.<\/p>\n<p><b>Primer Puesto:<\/b> Arquitectos Jorge Iv\u00e1n Pe\u00f1aranda, Miguel Enrique Pe\u00f1aranda, Mar\u00eda M\u00f3nica Villamizar, Deisy Moreno, Sergio C\u00e1ceres y Marcos Mendoza<\/p>\n<p><b>Segundo Puesto<\/b>: Arquitectos Diego Rayo, Sergio P\u00e9rez y David Cuartas<\/p>\n<p><b>Tercer Puesto<\/b>: Arquitectos Diego Valencia, Alejandro Mar\u00edn y Andr\u00e9s Montana<\/p>\n<p>2.- La Casa del Adulto Mayor albergar\u00e1 a cerca de 20 personas y contar\u00e1 con un auditorio, adem\u00e1s de amplias zonas verdes en un \u00e1rea de completa tranquilidad y paz.<\/p>\n<p><b>Primer Puesto:<\/b> Arquitecto Juan Fernando Valencia<\/p>\n<p><b>Segundo Puesto<\/b>: Contrapunto Taller de Arquitectura SAS<\/p>\n<p><b>Tercer Puesto<\/b>: Arq. Beiner Su\u00e1rez Mart\u00ednez<\/p>\n<p>3.- La Casa de la Cultura contar\u00e1 con una capacidad para 500 personas y ser\u00e1 un espacio para preservar las tradiciones de los pobladores de la regi\u00f3n.<\/p>\n<p><b>Primer Puesto<\/b>: Arquitecto Daniel Herrera D\u00edez<\/p>\n<p><b>Segundo Puesto<\/b>: Estudio \u00c1rea 4 SAS<\/p>\n<p><b>Tercer Puesto<\/b>: Obra Estudio y Gitasan Taller<\/p>\n<p>4.- La Casa del Campesino promover\u00e1 la base de la econom\u00eda gramalotera, tendr\u00e1 un auditorio y capacidad para albergar 20 personas.<\/p>\n<p><b>Primer Puesto<\/b>: Arquitecto Daniel Herrera D\u00edez<\/p>\n<p><b>Segundo Puesto<\/b>: Arquitectos Claudio Rosi y Carolina Garc\u00eda<\/p>\n<p><b>Tercer Puesto<\/b>: Arquitecto Michel Espinoza Ord\u00f3\u00f1ez<\/p>\n<p>5.- La plaza de mercado ser\u00e1 un espacio dise\u00f1ado para la venta de productos con 70 puestos fijos y 12 m\u00f3viles.<\/p>\n<p><b>Primer Puesto<\/b>: Arquitectos Rodrigo Cha\u00edn y Jenny Nieto<\/p>\n<p><b>Segundo Puesto<\/b>: Arquitectos David C\u00f3rdoba y Mauricio Pieschac\u00f3n<\/p>\n<p><b>Tercer Puesto<\/b>: Angelini Garc\u00eda Reyes Arquitectos<\/p>\n<p>6.- El polideportivo tendr\u00e1 cancha de f\u00fatbol y modernas instalaciones para fomentar el deporte entre los gramaloteros.<\/p>\n<p><b>Primer puesto<\/b>: Contrapunto Taller de Arquitectura SAS<\/p>\n<p><b>Segundo Puesto<\/b>: Eje A Arquitectura<\/p>\n<p><b>Tercer Puesto<\/b>: Espacios Colectivos Arquitectos SAS<\/p>\n<p>&nbsp; <\/p>\n","protected":false},"excerpt":{"rendered":"<p>C\u00daCUTA.- La mesa de arquitectos, conformada por el maestro German Samper, Camilo Santamar\u00eda, Juan Manuel Pel\u00e1ez, Janeth D\u00edaz, Carlos Eduardo Rodr\u00edguez Valencia, Orlando Jos\u00e9 Joves Paz, Luis Ernesto Rodr\u00edguez Ayala y Javier Vera Londo\u00f1o, proclam\u00f3 a los ganadores del concurso p\u00fablico nacional de anteproyectos arquitect\u00f3nicos para la elaboraci\u00f3n de los dise\u00f1os de los equipamientos urbanos &hellip;<\/p>\n","protected":false},"author":1,"featured_media":21539,"comment_status":"open","ping_status":"open","sticky":false,"template":"","format":"standard","meta":{"footnotes":""},"categories":[556,4],"tags":[13,153],"class_list":["post-21538","post","type-post","status-publish","format-standard","has-post-thumbnail","hentry","category-departamento","category-barra","tag-gramalote","tag-nuevo-gramalote"],"_links":{"self":[{"href":"https:\/\/contraluzcucuta.co\/index.php?rest_route=\/wp\/v2\/posts\/21538","targetHints":{"allow":["GET"]}}],"collection":[{"href":"https:\/\/contraluzcucuta.co\/index.php?rest_route=\/wp\/v2\/posts"}],"about":[{"href":"https:\/\/contraluzcucuta.co\/index.php?rest_route=\/wp\/v2\/types\/post"}],"author":[{"embeddable":true,"href":"https:\/\/contraluzcucuta.co\/index.php?rest_route=\/wp\/v2\/users\/1"}],"replies":[{"embeddable":true,"href":"https:\/\/contraluzcucuta.co\/index.php?rest_route=%2Fwp%2Fv2%2Fcomments&post=21538"}],"version-history":[{"count":1,"href":"https:\/\/contraluzcucuta.co\/index.php?rest_route=\/wp\/v2\/posts\/21538\/revisions"}],"predecessor-version":[{"id":21540,"href":"https:\/\/contraluzcucuta.co\/index.php?rest_route=\/wp\/v2\/posts\/21538\/revisions\/21540"}],"wp:featuredmedia":[{"embeddable":true,"href":"https:\/\/contraluzcucuta.co\/index.php?rest_route=\/wp\/v2\/media\/21539"}],"wp:attachment":[{"href":"https:\/\/contraluzcucuta.co\/index.php?rest_route=%2Fwp%2Fv2%2Fmedia&parent=21538"}],"wp:term":[{"taxonomy":"category","embeddable":true,"href":"https:\/\/contraluzcucuta.co\/index.php?rest_route=%2Fwp%2Fv2%2Fcategories&post=21538"},{"taxonomy":"post_tag","embeddable":true,"href":"https:\/\/contraluzcucuta.co\/index.php?rest_route=%2Fwp%2Fv2%2Ftags&post=21538"}],"curies":[{"name":"wp","href":"https:\/\/api.w.org\/{rel}","templated":true}]}}