{"id":21491,"date":"2014-05-03T17:19:05","date_gmt":"2014-05-03T22:19:05","guid":{"rendered":"http:\/\/contraluzcucuta.co\/?p=21491"},"modified":"2014-05-03T17:19:05","modified_gmt":"2014-05-03T22:19:05","slug":"la-tragedia-desmedida-de-los-campesinos","status":"publish","type":"post","link":"https:\/\/contraluzcucuta.co\/?p=21491","title":{"rendered":"La  tragedia desmedida de los campesinos"},"content":{"rendered":"<p><span style=\"line-height: 1.5em;\">Si ha existido un sector de clase que ha sufrido en carne propia, como ninguna otra, la miseria y el abandono que genera el capitalismo salvaje ha sido el campesinado. Desde los tiempos inmemoriales les ha tocado poner todas sus largas y agotadoras jornadas de trabajo al servicio de una pir\u00e1mide humana, donde los poderosos de siempre: potentados, magnates, oligarcas, hacen derroche de riquezas y malgastan\u00a0 sin criterio lo producido en la base que la conforman los explotados y \u201clos desheredados de la tierra\u201d.<\/span><\/p>\n<p>En nuestro caso son ellos los que desde los siglos XIX y XX han soportado el peso fundamental de las luchas sociales que no dieron el resultado esperado. En la guerra de Los Mil D\u00edas, centenares de campesinos acompa\u00f1aron las huestes insurreccionales de los ide\u00f3logos Rafael Uribe Uribe y Benjam\u00edn Herrera, con la esperanza de lograr un cambio en la estructura pol\u00edtica de la naci\u00f3n, que permitiera liberar la tierra de las manos de los terratenientes y de la Iglesia que eran los mayores latifundistas de la \u00e9poca. Este gigantesco esfuerzo libertario, \u00a1qui\u00e9n lo creyera!, se llev\u00f3 a cabo siete a\u00f1os antes de la Revoluci\u00f3n Mexicana,\u00a0 acaudillada por los dirigentes agraristas Emiliano Zapata y Pancho Villa, que\u00a0 dio como resultado el nacimiento del PRI, partido de la revoluci\u00f3n mexicana que persiste en el poder, y 17 a\u00f1os antes de la\u00a0 emblem\u00e1tica\u00a0 y esperanzadora Revoluci\u00f3n Bolchevique o Revoluci\u00f3n de Octubre, que con Lenin a la cabeza, construy\u00f3 un nuevo Estado, el Estado Socialista,\u00a0 que tantos sue\u00f1os de trasformaci\u00f3n social y paz desat\u00f3 en el mundo.<\/p>\n<p>La \u2018Revoluci\u00f3n en Marcha, del presidente Alfonso L\u00f3pez Pumarejo, en los a\u00f1os 30, del siglo pasado, despert\u00f3 las esperanzas de los campesinos con sus\u00a0 francas y justicieras leyes sobre la\u00a0 tenencia de la\u00a0 tierra e implement\u00f3 la Ley 200 de tierras,\u00a0 primer hervor en el inicio de una reforma agraria, que con\u00a0 insistencia\u00a0 han luchado y buscado las organizaciones sociales convocadas en nuevos modelos de acci\u00f3n y resistencia pol\u00edtica. Infortunadamente, las fuerzas pol\u00edticas de los terratenientes \u201cque siempre han sido mayoritarias en el Congreso de la\u00a0 Rep\u00fablica\u201d, al decir de Salom\u00f3n Kalmanovitz, echaron para atr\u00e1s estos avances legislativos\u00a0 y luego, con el asesinato de Jorge\u00a0 Eli\u00e9cer Gait\u00e1n, hundieron al pa\u00eds en la ola m\u00e1s sangrienta de la historia que se llam\u00f3 \u2018la violencia\u2019. La totalidad de los asesinados sumaron m\u00e1s de 300.000 indefensos campesinos, desalojados de la tierra en forma violenta por los terratenientes\u00a0 con el fin de dar paso al proceso de la concentraci\u00f3n de la tierra, que contin\u00faa.<\/p>\n<p>Despu\u00e9s de la traici\u00f3n y muerte de los guerrilleros liberales que pactaron la paz, solo un gobierno liberal manifest\u00f3 preocupaci\u00f3n por la persistencia del latifundio. Carlos Lleras Restrepo, consciente de la deuda social\u00a0 que el\u00a0 Estado tiene con los campesinos, desde los\u00a0 tiempos de la conquista,\u00a0 decidi\u00f3 impulsar la Reforma Agraria. Contra viento y marea, enfrent\u00e1ndose a las fuerzas m\u00e1s retr\u00f3gradas de la sociedad colombiana, logr\u00f3 algunos avances significativos que despu\u00e9s se vinieron abajo en la famosa reuni\u00f3n conocida como, \u201cEl pacto de Chicoral\u201d, vergonzoso encuentro, donde las vertientes m\u00e1s conservadoras, en el gobierno de Pastrana Borrero, echaron para atr\u00e1s lo conquistado.<\/p>\n<p>En la actualidad\u00a0 el pa\u00eds vive un segundo paro agrario. El acumulado de tantas acciones irresponsables de los gobiernos anteriores ha terminado haciendo crisis. El abandono y el atropello hist\u00f3rico del campo no ha dado para m\u00e1s y con razones justas y valederas, los campesinos hacen uso de las herramientas de participaci\u00f3n social que posee la Constituci\u00f3n Pol\u00edtica Colombiana.<\/p>\n<p>Hoy los campesinos enarbolan la bandera de mayor trascendencia para toda la sociedad y el mundo en su conjunto, luchando por la abolici\u00f3n de la ley de semillas, que busca como efecto de la intervenci\u00f3n biol\u00f3gica de los productos, imponer los transg\u00e9nicos, que es la propuesta de Monsanto. Esta ley les proh\u00edbe a los campesinos hacer uso de las semillas que generosamente da la tierra en los mismos productos que ellos cultivan, impidiendo y penalizando su\u00a0 utilizaci\u00f3n.\u00a0 De este modo, quedan obligados a utilizar solo las semillas que venden la referida monstruosa transnacional.<\/p>\n<p>Es ofensivo para la conciencia\u00a0 nacional\u00a0 que se est\u00e9 impulsando esta ley de semillas que impide al productor autoabastecerse o intercambiar semillas para sus cultivos. Es muy grave porque atenta en contra de nuestra soberan\u00eda alimentaria. No podemos permitir quedar prisioneros de los\u00a0 intereses de\u00a0 Monsanto, que tanto mal le hace a la humanidad. \u00c9sta tambi\u00e9n es nuestra lucha y en este sentido se convierte en una bandera de toda la sociedad y del mundo entero.\u00a0 El gobierno debe dar marcha atr\u00e1s a este desprop\u00f3sito de ley.<\/p>\n<p>A lo anterior, hay que sumarle el drama que viven nuestros campesinos de los altiplanos colombianos, cultivadores de papa, alverja, frijol, trigo, junto con el de los cultivadores de arroz y ma\u00edz de las planicies, que es verdaderamente ofensivo. Ellos tienen que enfrentarse a los precios de los productos importados provenientes de pa\u00edses donde el Estado subsidia generosamente la producci\u00f3n agropecuaria y ha invertido amplios presupuestos para\u00a0 el desarrollo rural desde hace a\u00f1os. A esto hay\u00a0 que unirle la presencia ahora de unas serie de cl\u00e1usulas contenidas en los TLC que irresponsablemente pone a nuestros campesinos a\u00a0 competir en los precios internacionales, totalmente indefensos. El gobierno nacional tiene que entender que en las peticiones de los campesinos hay m\u00e1s que razones suficientes de peso, que obligan al Estado actuar con verdadero sentido de naci\u00f3n, acogiendo muchas de esas propuestas, con responsabilidad, justicia y compromiso de patria.<\/p>\n<p>Esperamos que el Presidente Santos comprenda las angustias de los campesinos y los colombianos y destine en los di\u00e1logos con los dirigentes agrarios, a lo mejor y m\u00e1s solidario de su equipo de gobierno. Lleg\u00f3 la hora de cerrar filas por la Paz, teniendo a su lado a los campesinos.<\/p>\n<p><b>ALONSO OJEDA AWAD<\/b><\/p>\n<p><b>Exembajador de Colombia<\/b><\/p>\n<p><b>Director del programa Paz<\/b><\/p>\n<p><b>Universidad Pedag\u00f3gica Nacional<\/b> <\/p>\n","protected":false},"excerpt":{"rendered":"<p>Si ha existido un sector de clase que ha sufrido en carne propia, como ninguna otra, la miseria y el abandono que genera el capitalismo salvaje ha sido el campesinado. Desde los tiempos inmemoriales les ha tocado poner todas sus largas y agotadoras jornadas de trabajo al servicio de una pir\u00e1mide humana, donde los poderosos &hellip;<\/p>\n","protected":false},"author":1,"featured_media":21492,"comment_status":"open","ping_status":"open","sticky":false,"template":"","format":"standard","meta":{"footnotes":""},"categories":[14,4],"tags":[830,741],"class_list":["post-21491","post","type-post","status-publish","format-standard","has-post-thumbnail","hentry","category-articulistas","category-barra","tag-alonso-ojeda","tag-marcha-campesina"],"_links":{"self":[{"href":"https:\/\/contraluzcucuta.co\/index.php?rest_route=\/wp\/v2\/posts\/21491","targetHints":{"allow":["GET"]}}],"collection":[{"href":"https:\/\/contraluzcucuta.co\/index.php?rest_route=\/wp\/v2\/posts"}],"about":[{"href":"https:\/\/contraluzcucuta.co\/index.php?rest_route=\/wp\/v2\/types\/post"}],"author":[{"embeddable":true,"href":"https:\/\/contraluzcucuta.co\/index.php?rest_route=\/wp\/v2\/users\/1"}],"replies":[{"embeddable":true,"href":"https:\/\/contraluzcucuta.co\/index.php?rest_route=%2Fwp%2Fv2%2Fcomments&post=21491"}],"version-history":[{"count":1,"href":"https:\/\/contraluzcucuta.co\/index.php?rest_route=\/wp\/v2\/posts\/21491\/revisions"}],"predecessor-version":[{"id":21493,"href":"https:\/\/contraluzcucuta.co\/index.php?rest_route=\/wp\/v2\/posts\/21491\/revisions\/21493"}],"wp:featuredmedia":[{"embeddable":true,"href":"https:\/\/contraluzcucuta.co\/index.php?rest_route=\/wp\/v2\/media\/21492"}],"wp:attachment":[{"href":"https:\/\/contraluzcucuta.co\/index.php?rest_route=%2Fwp%2Fv2%2Fmedia&parent=21491"}],"wp:term":[{"taxonomy":"category","embeddable":true,"href":"https:\/\/contraluzcucuta.co\/index.php?rest_route=%2Fwp%2Fv2%2Fcategories&post=21491"},{"taxonomy":"post_tag","embeddable":true,"href":"https:\/\/contraluzcucuta.co\/index.php?rest_route=%2Fwp%2Fv2%2Ftags&post=21491"}],"curies":[{"name":"wp","href":"https:\/\/api.w.org\/{rel}","templated":true}]}}