{"id":21488,"date":"2014-05-03T16:58:29","date_gmt":"2014-05-03T21:58:29","guid":{"rendered":"http:\/\/contraluzcucuta.co\/?p=21488"},"modified":"2014-05-03T16:58:29","modified_gmt":"2014-05-03T21:58:29","slug":"futbol-de-segunda-no-ser-conformistas-piden-aficionados-a-jugadores-del-cucuta-deportivo","status":"publish","type":"post","link":"https:\/\/contraluzcucuta.co\/?p=21488","title":{"rendered":"F\u00daTBOL DE SEGUNDA. No ser conformistas, piden aficionados a jugadores del C\u00facuta Deportivo"},"content":{"rendered":"<p><b style=\"line-height: 1.5em;\">C\u00daCUTA.-<\/b><span style=\"line-height: 1.5em;\"> \u201cLa idea es quedar de primeros, no conformarnos con pasar a la final\u201d, escribi\u00f3 indignado Arnold Juli\u00e1n Bonilla, desde Adelaida (Australia). \u201cConformistas, conformistas\u201d, gritaron los molestos aficionados desde las tribunas del estadio General Santander.<\/span><\/p>\n<p>Las dos reacciones se suscitaron, el 30 de abril, luego del empate del C\u00facuta Deportivo (1-1) contra Expreso Rojo, y que pudo ser victoria para el once motil\u00f3n si Diego Espinel no hubiera desperdiciado el penalti en los \u00faltimos segundos del partidos.<\/p>\n<p>Los escasos hinchas que siguen al cuadro rojinegro a\u00fan preguntan por qu\u00e9 escogieron a ese jugador para patear el m\u00e1ximo castigo y no otro con mayor potencia en la pegada y mayor inteligencia para el cobro. La respuesta la tiene el t\u00e9cnico Hern\u00e1n Estrada.<\/p>\n<p>Ahora, el C\u00facuta Deportivo afrontar\u00e1 la pen\u00faltima fecha del torneo de la segunda divisi\u00f3n frente a Jaguares. Tiene 29 puntos, aparece c\u00f3modo en la cuarta casilla, a pesar del comienzo incierto por la seguidilla de derrotas en calidad de local.<\/p>\n<p>Para el encuentro del 4 de mayo, el profesor Estradano\u00a0 contar\u00e1 con los defensores Pablo Escobar, autor del gol del empate contra Expreso, ni con Baldomero Perlaza, por lesi\u00f3n. El m\u00e9dico Edgar Cardonainform\u00f3 que\u00a0 Escobar sufri\u00f3 trauma en el empeine del pie derecho, y Perlaza, distensi\u00f3n de los ligamentos externos del tobillo derecho. Adelantan trabajos de recuperaci\u00f3n con los fisioterapeutas del club.<\/p>\n<p>A la n\u00f3mina regresan Wilder Mosquera, Mauricio Duarte y Mauricio Mar\u00edn, quienes\u00a0 en la \u00faltima jornada cumplieron fecha de suspensi\u00f3n por acumulaci\u00f3n de\u00a0 tarjetas amarillas. Tambi\u00e9n est\u00e1n\u00a0 citados Diego Vald\u00e9s, Yuberney Franco, Edwin del Catillo y Jhoaho Hinestroza.<\/p>\n<p>El grupo que viaj\u00f3 a la capital de C\u00f3rdoba es el siguiente:<\/p>\n<p><b>Arqueros:<\/b> Wilder Mosquera y Brayan C\u00f3rdoba.<\/p>\n<p><b>Defensas:<\/b> Luis Vergara, David G\u00f3mez, Diego Vald\u00e9s, Jhon Garc\u00eda y Mauricio Duarte.<\/p>\n<p><b>Volantes:<\/b> Andr\u00e9s Arboleda, Diego Espinel,\u00a0 Edwin Del Castillo,\u00a0 Mauricio Mar\u00edn y Carlos Caicedo.<\/p>\n<p><b>Atacantes:<\/b> Yuberney Franco, Cristian Lasso, Jonathan Palacios, Jhoaho Hinestroza.<\/p>\n<p>El partido se disputar\u00e1, a las 3:00 de la tarde, en el estadio municipal de Monter\u00eda. Un triunfo podr\u00eda hacer cambiar de pensamiento al cucute\u00f1o residenciado en Australia y a los fan\u00e1ticos que a cada fecha acompa\u00f1an al equipo en el General Santander.<\/p>\n<p>Foto: ALIRIO PARRA<\/p>\n<p>&nbsp; <\/p>\n","protected":false},"excerpt":{"rendered":"<p>C\u00daCUTA.- \u201cLa idea es quedar de primeros, no conformarnos con pasar a la final\u201d, escribi\u00f3 indignado Arnold Juli\u00e1n Bonilla, desde Adelaida (Australia). \u201cConformistas, conformistas\u201d, gritaron los molestos aficionados desde las tribunas del estadio General Santander. Las dos reacciones se suscitaron, el 30 de abril, luego del empate del C\u00facuta Deportivo (1-1) contra Expreso Rojo, y &hellip;<\/p>\n","protected":false},"author":1,"featured_media":21489,"comment_status":"open","ping_status":"open","sticky":false,"template":"","format":"standard","meta":{"footnotes":""},"categories":[28],"tags":[192,301,1380],"class_list":["post-21488","post","type-post","status-publish","format-standard","has-post-thumbnail","hentry","category-vistazo-deportivo","tag-cucuta-deportivo","tag-futbol-profesional-colombiano","tag-jaguares"],"_links":{"self":[{"href":"https:\/\/contraluzcucuta.co\/index.php?rest_route=\/wp\/v2\/posts\/21488","targetHints":{"allow":["GET"]}}],"collection":[{"href":"https:\/\/contraluzcucuta.co\/index.php?rest_route=\/wp\/v2\/posts"}],"about":[{"href":"https:\/\/contraluzcucuta.co\/index.php?rest_route=\/wp\/v2\/types\/post"}],"author":[{"embeddable":true,"href":"https:\/\/contraluzcucuta.co\/index.php?rest_route=\/wp\/v2\/users\/1"}],"replies":[{"embeddable":true,"href":"https:\/\/contraluzcucuta.co\/index.php?rest_route=%2Fwp%2Fv2%2Fcomments&post=21488"}],"version-history":[{"count":1,"href":"https:\/\/contraluzcucuta.co\/index.php?rest_route=\/wp\/v2\/posts\/21488\/revisions"}],"predecessor-version":[{"id":21490,"href":"https:\/\/contraluzcucuta.co\/index.php?rest_route=\/wp\/v2\/posts\/21488\/revisions\/21490"}],"wp:featuredmedia":[{"embeddable":true,"href":"https:\/\/contraluzcucuta.co\/index.php?rest_route=\/wp\/v2\/media\/21489"}],"wp:attachment":[{"href":"https:\/\/contraluzcucuta.co\/index.php?rest_route=%2Fwp%2Fv2%2Fmedia&parent=21488"}],"wp:term":[{"taxonomy":"category","embeddable":true,"href":"https:\/\/contraluzcucuta.co\/index.php?rest_route=%2Fwp%2Fv2%2Fcategories&post=21488"},{"taxonomy":"post_tag","embeddable":true,"href":"https:\/\/contraluzcucuta.co\/index.php?rest_route=%2Fwp%2Fv2%2Ftags&post=21488"}],"curies":[{"name":"wp","href":"https:\/\/api.w.org\/{rel}","templated":true}]}}