{"id":21479,"date":"2014-05-03T15:42:04","date_gmt":"2014-05-03T20:42:04","guid":{"rendered":"http:\/\/contraluzcucuta.co\/?p=21479"},"modified":"2014-05-05T21:26:12","modified_gmt":"2014-05-06T02:26:12","slug":"centro-de-rehabilitacion-90-de-amputaciones-corresponde-a-motociclistas","status":"publish","type":"post","link":"https:\/\/contraluzcucuta.co\/?p=21479","title":{"rendered":"CENTRO DE REHABILITACI\u00d3N. 90 % de amputaciones corresponde a motociclistas"},"content":{"rendered":"<p><b style=\"line-height: 1.5em;\">C\u00daCUTA.-<\/b><span style=\"line-height: 1.5em;\"> Tres son las causas fundamentales de las amputaciones atendidas por el Centro de Rehabilitaci\u00f3n, en C\u00facuta. Primera, accidentes en motocicleta (90 por ciento); segunda, minas antipersonal (poblaci\u00f3n rural), y tercera, diabetes (la minor\u00eda).<\/span><\/p>\n<p>La mayor\u00eda de pacientes est\u00e1 conformada por hombres en etapa productiva que han sufrido choques en las v\u00edas cucute\u00f1as al conducir motocicletas o viajar como acompa\u00f1antes en este tipo de trasporte. Los pacientes neurol\u00f3gicos son hombres mayores.<\/p>\n<p>El n\u00famero de j\u00f3venes\u00a0 y adultos, hombres y mujeres, que dejan los percances en moto supera por amplia mayor\u00eda a los lesionados por los artefactos explosivos enterrados en el campo para evitar la presencia de la tropa.<\/p>\n<p>El Centro de rehabilitaci\u00f3n fue creado, en 1993, como una entidad adscrita a la Gobernaci\u00f3n. Diez a\u00f1os despu\u00e9s, se trasform\u00f3 en empresa social del Estado (2003). Funciona y debe rendir informes como un hospital independiente y el objeto principal es la atenci\u00f3n de pacientes en etapa ambulatoria. No hay hospitalizaci\u00f3n. Es de categor\u00eda p\u00fablica y recibe recursos mixtos.<\/p>\n<p>El estimado de pacientes atendidos en 21 a\u00f1os de labores no se tiene. El registro del 2013, contiene atenci\u00f3n a 2000 discapacitados, cifra considerada peque\u00f1a al compararse con el total de hombres y mujeres con problemas motrices o cerebrales, que suman 85.000 en Norte de Santander.<\/p>\n<p>El presupuesto de funcionamiento se recibe de la Gobernaci\u00f3n y en los \u00faltimos a\u00f1os ha bajado, a pesar de la importancia de la entidad. Para el impacto que genera el Centro, por la exclusividad, es peque\u00f1o. Algunas instituciones regionales contratan los servicios para la atenci\u00f3n de poblaci\u00f3n pobre no asegurada, con Sisben, pero no afiliada a instituci\u00f3n alguna de salud.<\/p>\n<p>La atenci\u00f3n se presta a pacientes con discapacidad, de cualquier tipo, aunque priman la f\u00edsica o motriz y a ni\u00f1os con lesi\u00f3n cerebral. A partir de 2003, se abri\u00f3 el taller de pr\u00f3tesis y \u00f3rtesis, en el que se elaboran aparatos para amputados. La demanda llev\u00f3 a crear un protocolo para v\u00edctimas de minas antipersonal. Despu\u00e9s se ampli\u00f3 a cualquier otra causa.<\/p>\n<p>El sostenimiento del Centro est\u00e1 fundamentado en los convenios suscritos entidades oficiales. La Gobernaci\u00f3n y la Alcald\u00eda han sido sustento firme. El Ej\u00e9rcito, que aportaba buena cantidad de pacientes, retir\u00f3 los contratos.<\/p>\n<p>En el 2014, no se han formalizado convenios. Los firmados en a\u00f1os anteriores sirvieron para el fortalecimiento del taller y atenci\u00f3n de amputados y ni\u00f1os y adultos con discapacidad. Se priorizan los pacientes que no tienen afiliaci\u00f3n a entidades de salud, luego los de segundo grado, hasta cumplirse el tope del monto. Los pacientes est\u00e1n, hay que abrir espacios.<\/p>\n<p><b>RAFAEL ANTONIO PABON<\/b><\/p>\n<p><a href=\"mailto:rafaelpabon58@hotmail.com\"><b>rafaelpabon58@hotmail.com<\/b><\/a><b><\/b><\/p>\n<p><b>Foto: RUB\u00c9N PAREDES<\/b><\/p>\n<p>&nbsp;<\/p>\n<p>&nbsp;<\/p>\n<p>&nbsp; <\/p>\n","protected":false},"excerpt":{"rendered":"<p>C\u00daCUTA.- Tres son las causas fundamentales de las amputaciones atendidas por el Centro de Rehabilitaci\u00f3n, en C\u00facuta. Primera, accidentes en motocicleta (90 por ciento); segunda, minas antipersonal (poblaci\u00f3n rural), y tercera, diabetes (la minor\u00eda). La mayor\u00eda de pacientes est\u00e1 conformada por hombres en etapa productiva que han sufrido choques en las v\u00edas cucute\u00f1as al conducir &hellip;<\/p>\n","protected":false},"author":1,"featured_media":21480,"comment_status":"open","ping_status":"open","sticky":false,"template":"","format":"standard","meta":{"footnotes":""},"categories":[556,6],"tags":[1377,904],"class_list":["post-21479","post","type-post","status-publish","format-standard","has-post-thumbnail","hentry","category-departamento","category-ojo-avizor","tag-centro-de-rehabilitacion","tag-discapacitados-en-norte-de-santander"],"_links":{"self":[{"href":"https:\/\/contraluzcucuta.co\/index.php?rest_route=\/wp\/v2\/posts\/21479","targetHints":{"allow":["GET"]}}],"collection":[{"href":"https:\/\/contraluzcucuta.co\/index.php?rest_route=\/wp\/v2\/posts"}],"about":[{"href":"https:\/\/contraluzcucuta.co\/index.php?rest_route=\/wp\/v2\/types\/post"}],"author":[{"embeddable":true,"href":"https:\/\/contraluzcucuta.co\/index.php?rest_route=\/wp\/v2\/users\/1"}],"replies":[{"embeddable":true,"href":"https:\/\/contraluzcucuta.co\/index.php?rest_route=%2Fwp%2Fv2%2Fcomments&post=21479"}],"version-history":[{"count":1,"href":"https:\/\/contraluzcucuta.co\/index.php?rest_route=\/wp\/v2\/posts\/21479\/revisions"}],"predecessor-version":[{"id":21481,"href":"https:\/\/contraluzcucuta.co\/index.php?rest_route=\/wp\/v2\/posts\/21479\/revisions\/21481"}],"wp:featuredmedia":[{"embeddable":true,"href":"https:\/\/contraluzcucuta.co\/index.php?rest_route=\/wp\/v2\/media\/21480"}],"wp:attachment":[{"href":"https:\/\/contraluzcucuta.co\/index.php?rest_route=%2Fwp%2Fv2%2Fmedia&parent=21479"}],"wp:term":[{"taxonomy":"category","embeddable":true,"href":"https:\/\/contraluzcucuta.co\/index.php?rest_route=%2Fwp%2Fv2%2Fcategories&post=21479"},{"taxonomy":"post_tag","embeddable":true,"href":"https:\/\/contraluzcucuta.co\/index.php?rest_route=%2Fwp%2Fv2%2Ftags&post=21479"}],"curies":[{"name":"wp","href":"https:\/\/api.w.org\/{rel}","templated":true}]}}