{"id":21475,"date":"2014-04-29T23:24:45","date_gmt":"2014-04-30T04:24:45","guid":{"rendered":"http:\/\/contraluzcucuta.co\/?p=21475"},"modified":"2014-05-05T21:27:19","modified_gmt":"2014-05-06T02:27:19","slug":"proyeccion-a-pocos-anos-de-los-dos-siglos-del-congreso-de-cucuta","status":"publish","type":"post","link":"https:\/\/contraluzcucuta.co\/?p=21475","title":{"rendered":"PROYECCI\u00d3N. A pocos a\u00f1os de los dos siglos del Congreso de C\u00facuta"},"content":{"rendered":"<p><span style=\"line-height: 1.5em;\">En el Norte de Santander, diversas organizaciones y ciudadanos estudiosos de los asuntos del desarrollo han reflexionado sobre las condiciones de esta regi\u00f3n; han mirado su trayectoria hist\u00f3rica, observado la situaci\u00f3n presente y enunciado las \u00a0posibles tendencias para el futuro inmediato, con el prop\u00f3sito de concertar una visi\u00f3n hacia el a\u00f1o 2021, cuando se cumplen 200 a\u00f1os del Congreso de C\u00facuta, uno de los grandes hechos hist\u00f3ricos y democr\u00e1ticos de la Rep\u00fablica de Colombia.<\/span><\/p>\n<p>La construcci\u00f3n colectiva de una visi\u00f3n y de los lineamientos estrat\u00e9gicos de desarrollo con perspectiva a mediano y largo plazo para todos los Nortesantandereanos, tiene como finalidad la creaci\u00f3n de condiciones y escenarios viables, donde los sectores sociales, econ\u00f3micos, pol\u00edticos e institucionales, identifiquen los factores cruciales de la vida regional y definan las acciones portadoras de progreso para el Departamento, con panoramas despejados sobre las opciones de futuro para los municipios fronterizos, con claridad sobre los referentes y acuerdos necesarios para concebir un modelo de desarrollo propio y alcanzable, con las riendas de sus procesos de cambio bajo control y convirtiendo el futuro como la raz\u00f3n de ser de las acciones del presente.<\/p>\n<p>La facilitaci\u00f3n y coordinaci\u00f3n de este trabajo ha estado a cargo de un equipo de funcionarios de varias dependencias de la Gobernaci\u00f3n, organizado y dirigido por la Secretaria de Planeaci\u00f3n Departamental dentro del Programa Mejor Gesti\u00f3n Departamental, que ha contado con la asesor\u00eda del Departamento Nacional de Planeaci\u00f3n y la Agencia de Cooperaci\u00f3n Alemana GTZ y con la colaboraci\u00f3n de la Alcald\u00eda de C\u00facuta, las Universidades oficiales, la ESAP y varias entidades p\u00fablicas y privadas que lograron en su conjunto, definir o plantear el posible futuro de la entidad territorial para los pr\u00f3ximos 20 a\u00f1os.<\/p>\n<p>Los participantes en este proceso que se ha llevado a cabo en varias etapas y momentos, reconocen que las acciones de desarrollo nunca parten de cero y por \u00a0ello se hace el reconocimiento de los logros de la sociedad a lo largo de su historia. Como puntos de partida se consultaron infinidad de documentos, entre ellos los Planes de Ordenamiento Territorial, el Plan de Gesti\u00f3n Ambiental, los alcances de la Agenda Departamental de Ciencia y Tecnolog\u00eda, el Plan Estrat\u00e9gico Exportador, los Planes Departamentales de Desarrollo y los Procesos de Integraci\u00f3n Fronteriza, entre otros.<\/p>\n<p>Para abordar el trabajo participativo se comenz\u00f3 con la realizaci\u00f3n de mesas de trabajo y talleres de consulta y se examinaron los resultados de los distintos procesos de planificaci\u00f3n con representantes activos y din\u00e1micos de nuestra sociedad como periodistas, acad\u00e9micos, empresarios, organizaciones juveniles, representantes gremiales, ex gobernadores, representantes de la clase pol\u00edtica y l\u00edderes populares en C\u00facuta; igualmente con ciudadanos representantes de varios sectores en las ciudades de Pamplona y Oca\u00f1a y con la Colonia de Nortesantandereanos, en Bogot\u00e1. Las actividades m\u00e1s significativas fueron orientadas por expertos nacionales e internacionales. Los resultados de esta participaci\u00f3n se recogieron en documentos sobre el pasado y presente del departamento y sirvieron de base para el diagn\u00f3stico con indicadores y tendencias de la situaci\u00f3n actual. Diagn\u00f3stico a partir del cual se realizaron las reuniones preparatorias y un taller de l\u00edderes que concertaron la Visi\u00f3n del departamento hacia el a\u00f1o 2021.<\/p>\n<p>En el trabajo efectuado, llama la atenci\u00f3n la urgencia de contar con pol\u00edticas y acciones estrat\u00e9gicas, orientadas por una visi\u00f3n de largo plazo, para lograr que las organizaciones locales y departamentales alcancen un modelo de desarrollo acorde con sus condiciones y dejen su dependencia de las coyunturas econ\u00f3micas de la frontera donde confluyen las pol\u00edticas de Colombia y Venezuela.<\/p>\n<p>El ser departamento de frontera se constituye en una fortaleza, por la posibilidad permanente de implantar acciones conjuntas entre los dos pa\u00edses, orientadas a un desarrollo compartido para el mejoramiento de la calidad de vida de las poblaciones, donde el eje binacional es importante por su din\u00e1mica econ\u00f3mica y el flujo permanente de poblaci\u00f3n.<\/p>\n<p>El presente documento contiene los resultados del proceso descrito y presenta el estado actual de las reflexiones y los an\u00e1lisis sobre los cuales es necesario continuar avanzando de manera permanente, porque la realidad<\/p>\n<p>Nortesantandereana es compleja y cambiante. Existe la necesidad de examinar y comprender la evoluci\u00f3n de las causas y los efectos que hacen din\u00e1mica y problem\u00e1tica la vida de esta sociedad y entender sus consecuencias para afrontar los desaf\u00edos del desarrollo y procurar los acuerdos necesarios para actuar con esfuerzos conjuntos hacia metas concertadas con una visi\u00f3n estrat\u00e9gica compartida.<\/p>\n<p>Se aspira a que este trabajo sea el documento base de consulta para las futuras \u00a0cuatro administraciones departamentales a partir del 1 de Enero de 2004, en la formulaci\u00f3n y dise\u00f1o de los planes de desarrollo territoriales.<\/p>\n<p>&nbsp; <\/p>\n","protected":false},"excerpt":{"rendered":"<p>En el Norte de Santander, diversas organizaciones y ciudadanos estudiosos de los asuntos del desarrollo han reflexionado sobre las condiciones de esta regi\u00f3n; han mirado su trayectoria hist\u00f3rica, observado la situaci\u00f3n presente y enunciado las \u00a0posibles tendencias para el futuro inmediato, con el prop\u00f3sito de concertar una visi\u00f3n hacia el a\u00f1o 2021, cuando se cumplen &hellip;<\/p>\n","protected":false},"author":1,"featured_media":21476,"comment_status":"open","ping_status":"open","sticky":false,"template":"","format":"standard","meta":{"footnotes":""},"categories":[556,32],"tags":[1376],"class_list":["post-21475","post","type-post","status-publish","format-standard","has-post-thumbnail","hentry","category-departamento","category-recorrido-por-la-region","tag-congreso-de-cucuta"],"_links":{"self":[{"href":"https:\/\/contraluzcucuta.co\/index.php?rest_route=\/wp\/v2\/posts\/21475","targetHints":{"allow":["GET"]}}],"collection":[{"href":"https:\/\/contraluzcucuta.co\/index.php?rest_route=\/wp\/v2\/posts"}],"about":[{"href":"https:\/\/contraluzcucuta.co\/index.php?rest_route=\/wp\/v2\/types\/post"}],"author":[{"embeddable":true,"href":"https:\/\/contraluzcucuta.co\/index.php?rest_route=\/wp\/v2\/users\/1"}],"replies":[{"embeddable":true,"href":"https:\/\/contraluzcucuta.co\/index.php?rest_route=%2Fwp%2Fv2%2Fcomments&post=21475"}],"version-history":[{"count":1,"href":"https:\/\/contraluzcucuta.co\/index.php?rest_route=\/wp\/v2\/posts\/21475\/revisions"}],"predecessor-version":[{"id":21477,"href":"https:\/\/contraluzcucuta.co\/index.php?rest_route=\/wp\/v2\/posts\/21475\/revisions\/21477"}],"wp:featuredmedia":[{"embeddable":true,"href":"https:\/\/contraluzcucuta.co\/index.php?rest_route=\/wp\/v2\/media\/21476"}],"wp:attachment":[{"href":"https:\/\/contraluzcucuta.co\/index.php?rest_route=%2Fwp%2Fv2%2Fmedia&parent=21475"}],"wp:term":[{"taxonomy":"category","embeddable":true,"href":"https:\/\/contraluzcucuta.co\/index.php?rest_route=%2Fwp%2Fv2%2Fcategories&post=21475"},{"taxonomy":"post_tag","embeddable":true,"href":"https:\/\/contraluzcucuta.co\/index.php?rest_route=%2Fwp%2Fv2%2Ftags&post=21475"}],"curies":[{"name":"wp","href":"https:\/\/api.w.org\/{rel}","templated":true}]}}