{"id":21466,"date":"2014-04-29T22:11:59","date_gmt":"2014-04-30T03:11:59","guid":{"rendered":"http:\/\/contraluzcucuta.co\/?p=21466"},"modified":"2014-04-29T22:11:59","modified_gmt":"2014-04-30T03:11:59","slug":"octavo-salon-del-agua","status":"publish","type":"post","link":"https:\/\/contraluzcucuta.co\/?p=21466","title":{"rendered":"Octavo Sal\u00f3n del Agua"},"content":{"rendered":"<p><b style=\"line-height: 1.5em;\">C\u00daCUTA.-<\/b><span style=\"line-height: 1.5em;\"> El agua como el elemento natural indispensable para la vida es tema especial para la creaci\u00f3n de obras de arte. El Octavo Sal\u00f3n del Agua se inaugurar\u00e1, el 5 de junio, en la biblioteca Julio P\u00e9rez Ferrero, a las 7:00 de la noche. La exhibici\u00f3n permanecer\u00e1 hasta el 5 de julio y la entrada ser\u00e1 gratis.<\/span><\/p>\n<p>Las obras estar\u00e1n distribuidas en dos categor\u00edas: pintura y t\u00e9cnicas varias. Las ganadoras recibir\u00e1n premios de\u00a0 $ 3,0 millones cada una. Se otorgar\u00e1n reconocimientos a 10 obras, que ser\u00e1n seleccionadas por funcionarios de la oficina de comunicaci\u00f3n y prensa de Aguas Kpital C\u00facuta.<\/p>\n<p>Las 12 obras ganadoras tendr\u00e1n el privilegio de hacer parte del almanaque institucional de Aguas Kpital C\u00facuta 2015.<\/p>\n<p>La recepci\u00f3n de los trabajos se har\u00e1 en la biblioteca entre el 24 y el 27 de mayo, hasta las 6:00 de la tarde. El \u00faltimo d\u00eda tambi\u00e9n debe presentarse el formulario diligenciado y la ficha t\u00e9cnica para la identificaci\u00f3n precisa de la obra.<\/p>\n<p>Aguas Kpital C\u00facuta invit\u00f3 a artistas, creativos, e instituciones acad\u00e9micas y comunidad para que participen en la actividad cultural que abre las puertas a los amantes del arte y la cultura.<\/p>\n<p>Las bases y las condiciones del concurso est\u00e1n en las p\u00e1ginas www.akc.com.co o www.gruposalvadormoreno.com.<\/p>\n<p>El arte y la cultura son iconos distintivos en Aguas Kpital C\u00facuta, como la empresa comprometida con la generaci\u00f3n de espacios educativos y de integraci\u00f3n social en la ciudad.<\/p>\n<p>El Sal\u00f3n del Agua es la actividad cultural y art\u00edstica que exalta los talentos de la capital nortesantandereana y el sentido de conciencia ambiental. Es una\u00a0 convocatoria abierta y tiene por objeto fomentar la cultura y fortalecer las actividades de la regi\u00f3n.<\/p>\n<p>&nbsp;<\/p>\n<p>&nbsp; <\/p>\n","protected":false},"excerpt":{"rendered":"<p>C\u00daCUTA.- El agua como el elemento natural indispensable para la vida es tema especial para la creaci\u00f3n de obras de arte. El Octavo Sal\u00f3n del Agua se inaugurar\u00e1, el 5 de junio, en la biblioteca Julio P\u00e9rez Ferrero, a las 7:00 de la noche. La exhibici\u00f3n permanecer\u00e1 hasta el 5 de julio y la entrada &hellip;<\/p>\n","protected":false},"author":1,"featured_media":21467,"comment_status":"open","ping_status":"open","sticky":false,"template":"","format":"standard","meta":{"footnotes":""},"categories":[4,37],"tags":[1270,1374],"class_list":["post-21466","post","type-post","status-publish","format-standard","has-post-thumbnail","hentry","category-barra","category-paseo-cultural","tag-aguas-kpital-cucuta","tag-octavo-salon-del-agua"],"_links":{"self":[{"href":"https:\/\/contraluzcucuta.co\/index.php?rest_route=\/wp\/v2\/posts\/21466","targetHints":{"allow":["GET"]}}],"collection":[{"href":"https:\/\/contraluzcucuta.co\/index.php?rest_route=\/wp\/v2\/posts"}],"about":[{"href":"https:\/\/contraluzcucuta.co\/index.php?rest_route=\/wp\/v2\/types\/post"}],"author":[{"embeddable":true,"href":"https:\/\/contraluzcucuta.co\/index.php?rest_route=\/wp\/v2\/users\/1"}],"replies":[{"embeddable":true,"href":"https:\/\/contraluzcucuta.co\/index.php?rest_route=%2Fwp%2Fv2%2Fcomments&post=21466"}],"version-history":[{"count":1,"href":"https:\/\/contraluzcucuta.co\/index.php?rest_route=\/wp\/v2\/posts\/21466\/revisions"}],"predecessor-version":[{"id":21468,"href":"https:\/\/contraluzcucuta.co\/index.php?rest_route=\/wp\/v2\/posts\/21466\/revisions\/21468"}],"wp:featuredmedia":[{"embeddable":true,"href":"https:\/\/contraluzcucuta.co\/index.php?rest_route=\/wp\/v2\/media\/21467"}],"wp:attachment":[{"href":"https:\/\/contraluzcucuta.co\/index.php?rest_route=%2Fwp%2Fv2%2Fmedia&parent=21466"}],"wp:term":[{"taxonomy":"category","embeddable":true,"href":"https:\/\/contraluzcucuta.co\/index.php?rest_route=%2Fwp%2Fv2%2Fcategories&post=21466"},{"taxonomy":"post_tag","embeddable":true,"href":"https:\/\/contraluzcucuta.co\/index.php?rest_route=%2Fwp%2Fv2%2Ftags&post=21466"}],"curies":[{"name":"wp","href":"https:\/\/api.w.org\/{rel}","templated":true}]}}