{"id":21449,"date":"2014-04-28T21:27:19","date_gmt":"2014-04-29T02:27:19","guid":{"rendered":"http:\/\/contraluzcucuta.co\/?p=21449"},"modified":"2014-04-29T23:30:49","modified_gmt":"2014-04-30T04:30:49","slug":"estamos-ante-un-inminente-proceso-de-cambio%e2%80%8f","status":"publish","type":"post","link":"https:\/\/contraluzcucuta.co\/?p=21449","title":{"rendered":"\u00bfEstamos ante un inminente proceso de cambio?\u200f"},"content":{"rendered":"<p>1.- Quienes contabilizamos una buena provisi\u00f3n de a\u00f1os y hemos conocido \u2013en vivo y en directo \u2013 los desenvolvimientos y el trascurrir de la actividad mercantil\u00a0 y ciudadana de C\u00facuta, as\u00ed como el palpitar de lo que significa y\u00a0 representa la vivencia fronteriza, no podemos ocultar qu\u00e9 cuanto acontece revela incuestionables signos de preocupaci\u00f3n y de obligante atenci\u00f3n para todos, pero de manera particular para los que tienen la obligaci\u00f3n de velar y atender las manifestaciones y los efectos, que son f\u00e1cilmente observables, ante la disminuida relaci\u00f3n de transacciones que \u00faltimamente se presenta y que repercute en la cadena operativa y consecuencialmente en lo social, econ\u00f3mico y pol\u00edtico. Y, hasta, de las variables en el clima y el agua.<\/p>\n<p>Y, todo lo anterior, con un agravante que demuestra no solo pasividad\u00a0 e inoperancia, que llega hasta la desidia, al constarse que quienes tienen la representatividad oficial, en alguna de las entidades, organizaciones y asociaciones m\u00e1s comprometidas, no act\u00faan, ni comprometen la asistencia, concurso y coparticipaci\u00f3n de otras, para ampliar y evaluar mejor los enfoques y las acciones que se deben adelantar. Pero lo m\u00e1s impresionante y desalentador \u00a0son los conceptos que a veces se divulgan, pero que al parecer son elaborados en secreto o al conjuro de un primer impulso y no como acontec\u00eda en el pasado, cuando se convocaba al comercio, a los industriales, a los banqueros y a quienes pudieran aportar luces a la tem\u00e1tica, que se quer\u00eda examinar.<\/p>\n<p>\u00bfC\u00f3mo olvidar la presencia y participaci\u00f3n de Guillermo Eliseo Su\u00e1rez, Nicol\u00e1s Colmenares, Pablo Vanegas, Luciano Jaramillo Cabrales, Carlos Rangel, Jos\u00e9 Parada, Pedro Entrena, Antonio Mar\u00eda Pati\u00f1o,\u00a0 Jos\u00e9 Urbina, Luis A. Medina, Lino Galav\u00eds, Miguel Ca\u00f1izares, Rodolfo Chac\u00f3n, Faustino Rodr\u00edguez, Rub\u00e9n Eslava, los hermanos James, los hermanos Hern\u00e1ndez, Giovanni Martin, Marcos D\u00edaz, Cayetano Cort\u00e9s, Numa P. Guerrero, Alfonso Salas, H\u00e9ctor Ib\u00e1\u00f1ez, Eduardo Restrepo, Ernesto Mantilla, Rafael Mej\u00eda, Gustavo Rodr\u00edguez, Jos\u00e9 Barajas, Genaro Villamizar, Gustavo Buenahora, Gabriel Botero, Octavio Arango, Juan E. Mart\u00ednez y tantas otros que no dudaban en contestar a lista cuando se les llamaba o para acompa\u00f1ar una visita o gesti\u00f3n, cuando era necesario.<\/p>\n<p>S\u00ed, la ciudad actuante\u00a0 y el comportamiento general\u00a0 eran distintos y con vivas manifestaciones.<\/p>\n<p>2.- \u00bfNo ser\u00e1 acaso indispensable una gran convocatoria para\u00a0\u00a0 propiciar una reestructuraci\u00f3n de cuadros y dar paso a unas motivaciones que lleguen y \u00a0comprometan a todos, para que se produzca la trasformaci\u00f3n y venga el giro que se necesita? Y \u00bfPara que surjan nuevos aires, actitudes y conductas\u00a0 que den paso a\u00a0 una\u00a0\u00a0 presencia y participaci\u00f3n m\u00e1s\u00a0 actividad y responsable?<\/p>\n<p>3.- \u00bfY, por qu\u00e9\u00a0 y para qu\u00e9 estas manifestaciones? Porque si seguimos como vamos y nos quedamos como estamos, nunca llegaremos a lo que anhelamos. Adem\u00e1s, porque se insin\u00faan momentos especiales, no solo por los ajustes y los reacomodamientos venezolanos y colombianos, sino por los cambios clim\u00e1ticos \u2013sobre los cuales hay alertas \u2013y que obligar\u00e1n a medidas urgentes, para incorporar controles y previsiones inaplazables y generales, especialmente con el agua.<\/p>\n<p>S\u00ed, es un momento para prepararnos hacia soluciones mayores y para\u00a0 obrar con\u00a0 m\u00e1ximo control y aplomo.<\/p>\n<p>S\u00ed, con planificaci\u00f3n\u00a0 y orden, si no queremos dar paso a pron\u00f3sticos y amenazas, delicadas y graves.<\/p>\n<p><b>JOS\u00c9 NEIRA REY<\/b><\/p>\n<p><b><a href=\"mailto:jneirarey@hotmail.com\">jneirarey@hotmail.com<\/a><\/b><\/p>\n<p><b>Notas al margen<\/b><\/p>\n<p><b>\u00a0<\/b><\/p>\n<p>&nbsp; <\/p>\n","protected":false},"excerpt":{"rendered":"<p>1.- Quienes contabilizamos una buena provisi\u00f3n de a\u00f1os y hemos conocido \u2013en vivo y en directo \u2013 los desenvolvimientos y el trascurrir de la actividad mercantil\u00a0 y ciudadana de C\u00facuta, as\u00ed como el palpitar de lo que significa y\u00a0 representa la vivencia fronteriza, no podemos ocultar qu\u00e9 cuanto acontece revela incuestionables signos de preocupaci\u00f3n y &hellip;<\/p>\n","protected":false},"author":1,"featured_media":21450,"comment_status":"open","ping_status":"open","sticky":false,"template":"","format":"standard","meta":{"footnotes":""},"categories":[14,32],"tags":[303,956],"class_list":["post-21449","post","type-post","status-publish","format-standard","has-post-thumbnail","hentry","category-articulistas","category-recorrido-por-la-region","tag-jose-neira-rey","tag-notas-al-margen"],"_links":{"self":[{"href":"https:\/\/contraluzcucuta.co\/index.php?rest_route=\/wp\/v2\/posts\/21449","targetHints":{"allow":["GET"]}}],"collection":[{"href":"https:\/\/contraluzcucuta.co\/index.php?rest_route=\/wp\/v2\/posts"}],"about":[{"href":"https:\/\/contraluzcucuta.co\/index.php?rest_route=\/wp\/v2\/types\/post"}],"author":[{"embeddable":true,"href":"https:\/\/contraluzcucuta.co\/index.php?rest_route=\/wp\/v2\/users\/1"}],"replies":[{"embeddable":true,"href":"https:\/\/contraluzcucuta.co\/index.php?rest_route=%2Fwp%2Fv2%2Fcomments&post=21449"}],"version-history":[{"count":1,"href":"https:\/\/contraluzcucuta.co\/index.php?rest_route=\/wp\/v2\/posts\/21449\/revisions"}],"predecessor-version":[{"id":21451,"href":"https:\/\/contraluzcucuta.co\/index.php?rest_route=\/wp\/v2\/posts\/21449\/revisions\/21451"}],"wp:featuredmedia":[{"embeddable":true,"href":"https:\/\/contraluzcucuta.co\/index.php?rest_route=\/wp\/v2\/media\/21450"}],"wp:attachment":[{"href":"https:\/\/contraluzcucuta.co\/index.php?rest_route=%2Fwp%2Fv2%2Fmedia&parent=21449"}],"wp:term":[{"taxonomy":"category","embeddable":true,"href":"https:\/\/contraluzcucuta.co\/index.php?rest_route=%2Fwp%2Fv2%2Fcategories&post=21449"},{"taxonomy":"post_tag","embeddable":true,"href":"https:\/\/contraluzcucuta.co\/index.php?rest_route=%2Fwp%2Fv2%2Ftags&post=21449"}],"curies":[{"name":"wp","href":"https:\/\/api.w.org\/{rel}","templated":true}]}}